{"id":36679,"date":"2014-11-04T14:58:37","date_gmt":"2014-11-04T12:58:37","guid":{"rendered":"http:\/\/giurgiu-net.ro\/?p=36679"},"modified":"2014-11-04T14:58:37","modified_gmt":"2014-11-04T12:58:37","slug":"aniversare-145-de-ani-de-la-infiintarea-colegiului-national-ion-maiorescugalerie-foto","status":"publish","type":"post","link":"https:\/\/giurgiu-net.ro\/index.php\/2014\/11\/04\/aniversare-145-de-ani-de-la-infiintarea-colegiului-national-ion-maiorescugalerie-foto\/","title":{"rendered":"ANIVERSARE: 145 de ani de la \u00eenfiin\u0163area Colegiului Na\u0163ional \u201eIon Maiorescu\u201d(GALERIE FOTO)"},"content":{"rendered":"<p><em>Sute de copii, tineri \u015fi dasc\u0103li, dar \u015fi invita\u0163i speciali au luat parte, mar\u0163i, 4 noiembrie, la un eveniment special dedicat emblemei \u00eenv\u0103\u0163\u0103m\u00e2ntului giurgiuvean, prestigiosul Colegiu Na\u0163ional \u201eIon Maiorescu\u201d.<\/em><!--more--><\/p>\n<p>Ac\u0163iuni speciale, surprize, mesaje deosebite pentru o zi deosebit\u0103, \u00eemplinirea a 145 de existen\u0163\u0103 a Colegiului \u201eMaiorescu\u201d. Reuni\u0163i \u00een curtea unit\u0103\u0163ii de \u00eenv\u0103\u0163\u0103m\u00e2nt, elevii, profesorii \u015fi oaspe\u0163ii au asistat, mai \u00eent\u00e2i, la o slujb\u0103 religioas\u0103 oficiat\u0103 de un sobor de preo\u0163i.<a href=\"https:\/\/giurgiu-net.ro\/wp-content\/uploads\/2014\/11\/DSC_0478.jpg\"><img loading=\"lazy\" decoding=\"async\" class=\"aligncenter size-large wp-image-36681\" src=\"https:\/\/giurgiu-net.ro\/wp-content\/uploads\/2014\/11\/DSC_0478-300x198.jpg\" alt=\"DSC_0478\" width=\"300\" height=\"198\" \/><\/a><\/p>\n<p>Apoi, au luat cuv\u00e2ntul cei din conducerea Colegiului \u201eMaiorescu\u201d, fo\u015fti directori, reprezenta\u0163i ai autorit\u0103\u0163ilor locale \u015fi jude\u0163ene, parlamentari, dar \u015fi invitatul de seam\u0103, senatorul Ecaterina Andronescu, fost ministru al Educa\u0163iei.<a href=\"https:\/\/giurgiu-net.ro\/wp-content\/uploads\/2014\/11\/DSC_0521.jpg\"><img loading=\"lazy\" decoding=\"async\" class=\"aligncenter size-large wp-image-36686\" src=\"https:\/\/giurgiu-net.ro\/wp-content\/uploads\/2014\/11\/DSC_0521-300x198.jpg\" alt=\"DSC_0521\" width=\"300\" height=\"198\" \/><\/a><a href=\"https:\/\/giurgiu-net.ro\/wp-content\/uploads\/2014\/11\/DSC_0484.jpg\"><img loading=\"lazy\" decoding=\"async\" class=\"aligncenter size-large wp-image-36682\" src=\"https:\/\/giurgiu-net.ro\/wp-content\/uploads\/2014\/11\/DSC_0484-300x170.jpg\" alt=\"DSC_0484\" width=\"300\" height=\"170\" \/><\/a><\/p>\n<p>Dou\u0103 dintre cele mai a\u015fteptate momente au fost, \u00een primul r\u00e2nd, acela al form\u0103rii cifrei 145 din elevi ai Colegiului, iar mai apoi, tinerii au dansat \u00een stil flash-mob, pe melodia \u201eAni de liceu\u201d.<a href=\"https:\/\/giurgiu-net.ro\/wp-content\/uploads\/2014\/11\/DSC_0524.jpg\"><img loading=\"lazy\" decoding=\"async\" class=\"aligncenter size-large wp-image-36684\" src=\"https:\/\/giurgiu-net.ro\/wp-content\/uploads\/2014\/11\/DSC_0524-300x256.jpg\" alt=\"DSC_0524\" width=\"300\" height=\"256\" \/><\/a><a href=\"https:\/\/giurgiu-net.ro\/wp-content\/uploads\/2014\/11\/DSC_0514.jpg\"><img loading=\"lazy\" decoding=\"async\" class=\"aligncenter size-large wp-image-36683\" src=\"https:\/\/giurgiu-net.ro\/wp-content\/uploads\/2014\/11\/DSC_0514-300x168.jpg\" alt=\"DSC_0514\" width=\"300\" height=\"168\" \/><\/a><\/p>\n<p>Ulterior, \u00een holul principal al unit\u0103\u0163ii de \u00eenv\u0103\u0163\u0103m\u00e2nt, corul condus de profesor Carmen Pe\u0163anca a intonat imnul Colegiului \u201eMaiorescu\u201d.<a href=\"https:\/\/giurgiu-net.ro\/wp-content\/uploads\/2014\/11\/DSC_0528.jpg\"><img loading=\"lazy\" decoding=\"async\" class=\"aligncenter size-large wp-image-36685\" src=\"https:\/\/giurgiu-net.ro\/wp-content\/uploads\/2014\/11\/DSC_0528-300x279.jpg\" alt=\"DSC_0528\" width=\"300\" height=\"279\" \/><\/a><\/p>\n<p>Dup\u0103 aceasta, s-au desf\u0103\u015furat, simultan, 13 ateliere \u00een tot at\u00e2tea clase. Club de lectur\u0103, dezbatere pe tema \u201eliceu, carier\u0103, succes\u201d, sesiune de comunic\u0103ri \u015ftiin\u0163ifice, atelier de tradi\u0163ii culturale europene, experimente de chimie, un concurs de \u015fah sau un meci demonstrativ de baschet, sunt doar c\u00e2teva dintre activit\u0103\u0163ile sus\u0163inute, mar\u0163i, 4 noiembrie.<\/p>\n<p>Pe 22 iunie 1868 \u00eencepea construc\u0163ia cl\u0103dirii Colegiului, aceasta fiind finalizat\u0103 pe 29 octombrie 1869, institu\u0163ia func\u0163ion\u00e2nd ini\u0163ial ca gimnaziu. Numele de \u201eIon Maiorescu\u201d, reprezentant de seam\u0103 al inteligen\u0163ei ardelene\u015fti \u015fi lupt\u0103tor de frunte \u00een Revolu\u0163ia din 1848, i-a fost atribuit pe 26 ianuarie 1890.<\/p>\n<p>Numero\u015fi profesori \u015fi elevi ai Colegiului s-au impus ca personalit\u0103\u0163i ale culturii na\u0163ionale, precum Tudor Vianu, Nicolae Cartojan, Petre Ghelmez, Ion Barbu \u015fi mul\u0163i al\u0163ii.<\/p>\n<p><strong><em>Mesaje pentru elevii \u015fi dasc\u0103lii Colegiului Na\u0163ional \u201eIon Maiorescu\u201d<\/em><\/strong><\/p>\n<p><strong>Mirela Delea, director Colegiul Na\u0163ional \u201eIon Maiorescu\u201d<a href=\"https:\/\/giurgiu-net.ro\/wp-content\/uploads\/2014\/11\/DSC_0481.jpg\"><img loading=\"lazy\" decoding=\"async\" class=\"aligncenter size-large wp-image-36687\" src=\"https:\/\/giurgiu-net.ro\/wp-content\/uploads\/2014\/11\/DSC_0481-300x172.jpg\" alt=\"DSC_0481\" width=\"300\" height=\"172\" \/><\/a><\/strong><\/p>\n<p><em>\u201eNe afl\u0103m aici pentru a s\u0103rb\u0103tori \u00eemplinirea a 145 de ani de la \u00eenfiin\u0163area Colegiului Na\u0163ional <\/em><em>&lt;&lt;<\/em><em>Ion Maiorescu<\/em><em>&gt;&gt;, emblem\u0103 a \u00eenv\u0103\u0163\u0103m\u00e2ntului giurgiuvean \u015fi institu\u0163ie de elit\u0103 a \u00eenv\u0103\u0163\u0103m\u00e2ntului rom\u00e2nesc. Sus\u0163inut\u0103 deopotriv\u0103 prin munc\u0103, tradi\u0163ie \u015fi valoare, institu\u0163ia noastr\u0103 de \u00eenv\u0103\u0163\u0103m\u00e2nt men\u0163ine, chiar \u015fi dup\u0103 145 de ani, prestigiul \u00eenv\u0103\u0163\u0103m\u00e2ntului giurgiuvean \u015fi din \u0163ara noastr\u0103, reprezent\u00e2nd pe mai departe elita \u015fcolar\u0103 giurgiuvean\u0103(\u2026) Calitatea \u00een educa\u0163ie provine din pasiunea, implicarea \u015fi profesionalismul cu care cadrele didactice \u00ee\u015fi fac meseria. Acestora li se adaug\u0103 interesul elevilor pentru studiu, dar \u015fi dorin\u0163a p\u0103rin\u0163ilor de a fi al\u0103turi de \u015fcoal\u0103 \u015fi de necesit\u0103\u0163ile ei\u201d<\/em>.<\/p>\n<p><strong>Gigi Opri\u015fan, inspector \u015fef Inspectoratul \u015ecolar Jude\u0163ean Giurgiu<a href=\"https:\/\/giurgiu-net.ro\/wp-content\/uploads\/2014\/11\/DSC_0479.jpg\"><img loading=\"lazy\" decoding=\"async\" class=\"aligncenter size-large wp-image-36693\" src=\"https:\/\/giurgiu-net.ro\/wp-content\/uploads\/2014\/11\/DSC_0479-300x167.jpg\" alt=\"DSC_0479\" width=\"300\" height=\"167\" srcset=\"https:\/\/giurgiu-net.ro\/wp-content\/uploads\/2014\/11\/DSC_0479-300x167.jpg 300w, https:\/\/giurgiu-net.ro\/wp-content\/uploads\/2014\/11\/DSC_0479-768x428.jpg 768w, https:\/\/giurgiu-net.ro\/wp-content\/uploads\/2014\/11\/DSC_0479-696x388.jpg 696w, https:\/\/giurgiu-net.ro\/wp-content\/uploads\/2014\/11\/DSC_0479.jpg 800w\" sizes=\"auto, (max-width: 300px) 100vw, 300px\" \/><\/a><\/strong><\/p>\n<p><em>\u201cTradi\u0163ia merge mai departe, aici la Colegiul Maiorescu, \u015fi, dragi elevi, aceast\u0103 sarcin\u0103 important\u0103 v\u0103 revine \u015fi vou\u0103, aceea de a merge pe un drum al educa\u0163iei pentru a ajunge pe un drum al vie\u0163ii a\u015fa cum dori\u0163i. La Mul\u0163i Ani, mult\u0103 s\u0103n\u0103tate \u015fi succese tuturor, at\u00e2t elevilor c\u00e2t \u015fi dasc\u0103lilor!\u201d.<\/em><\/p>\n<p>Tot Gigi Opri\u015fan a \u00eenm\u00e2nat conducerii Colegiului \u201cMaiorescu\u201d o plachet\u0103 \u015fi o diplom\u0103 aniversare \u201cNicolae Iorga\u201d primite de la ministrul Educa\u0163iei.<\/p>\n<p><strong>Alexandru Vladu, viceprimar municipiul Giurgiu<\/strong><\/p>\n<p><em>\u201cEste o zi special\u0103 \u015fi trebuie s\u0103 ne bucur\u0103m c\u0103 aceast\u0103 unitate de \u00eenv\u0103\u0163\u0103m\u00e2nt a ajuns la 145 de ani, o v\u00e2rst\u0103 memorabil\u0103. Colegiul, \u00eens\u0103, de\u015fi s-ar spune c\u0103 este b\u0103tr\u00e2n, de fapt e t\u00e2n\u0103r, acum, dup\u0103 consolidarea \u015fi renovarea sa. \u015ei va r\u0103m\u00e2ne t\u00e2n\u0103r \u00eenc\u0103 100 de ani\u201d.<\/em><\/p>\n<p><strong>George Csender, fondator Asocia\u0163ia \u201cPro Maiorescu\u201d<\/strong><\/p>\n<p>Amintind de Dumitru Manda \u015fi Ion Dinc\u0103, cei care au ini\u0163iat \u00eenfiin\u0163area Asocia\u0163iei \u201cPro Maiorescu\u201d, Csender a precizat \u015fi faptul c\u0103 doar prin intermediul eforturilor f\u0103cute de membrii acestei structuri, s-a reu\u015fit str\u00e2ngerea a 5 miliarde de lei vechi. Cu ace\u015fti bani a fost renovat\u0103 o parte a cl\u0103dirii vechi.\u00a0<em>\u201cAcest lucru a dat imboldul pentru a termina lucr\u0103rile \u015fi la restul imobilului. Asocia\u0163ia va fi, \u00een continuare, al\u0103turi de cadrele didactice, de conducerea Colegiului, cu tot ce mai este nevoie\u201d, <\/em>a mai spus Csender.<\/p>\n<p><strong>Prefectul jude\u0163ului Giurgiu, Lavinia Cri\u015fu<a href=\"https:\/\/giurgiu-net.ro\/wp-content\/uploads\/2014\/11\/DSC_0496.jpg\"><img loading=\"lazy\" decoding=\"async\" class=\"aligncenter size-large wp-image-36688\" src=\"https:\/\/giurgiu-net.ro\/wp-content\/uploads\/2014\/11\/DSC_0496-300x188.jpg\" alt=\"DSC_0496\" width=\"300\" height=\"188\" \/><\/a><\/strong><\/p>\n<p><em>\u201cV\u0103 spun La Mul\u0163i Ani din tot sufletul! S\u0103 dea Dumnezeu ca to\u0163i s\u0103 ajunge\u0163i m\u00e2ndri continuatori ai acestui Colegiu, s\u0103 ajunge\u0163i oameni mari, iar pentru aceasta trebuie s\u0103 v\u0103 asculta\u0163i p\u0103rin\u0163ii \u015fi dasc\u0103lii. Ave\u0163i cei mai buni dasc\u0103li din Giurgiu. Eu sunt m\u00e2ndr\u0103 c\u0103 reprezint Guvernul ce a reu\u015fit s\u0103 finalizeze o lucrare at\u00e2t de important\u0103. Mul\u0163i ani \u00eenainte cu succese!\u201d<\/em><\/p>\n<p><strong>Nicolae Barbu, primar municipiul Giurgiu<a href=\"https:\/\/giurgiu-net.ro\/wp-content\/uploads\/2014\/11\/DSC_0491.jpg\"><img loading=\"lazy\" decoding=\"async\" class=\"aligncenter size-large wp-image-36689\" src=\"https:\/\/giurgiu-net.ro\/wp-content\/uploads\/2014\/11\/DSC_0491-300x180.jpg\" alt=\"DSC_0491\" width=\"300\" height=\"180\" \/><\/a><\/strong><\/p>\n<p><em>\u201cV\u0103 urez La Mul\u0163i Ani dumneavoastr\u0103, elevi, profesori \u015fi Colegiului care a fost dintotdeauna m\u00e2ndria ora\u015fului nostru. Succes tuturor, \u00een continuare, iar de acum \u00eencolo, dup\u0103 toate realiz\u0103rile privind condi\u0163iile create, mai avem doar s\u0103 culegem roadele muncii dumneavoastr\u0103!\u201d<\/em><\/p>\n<p><strong>Ecaterina Andronescu, rector al Universit\u0103\u0163ii Politehnica Bucure\u015fti<a href=\"https:\/\/giurgiu-net.ro\/wp-content\/uploads\/2014\/11\/DSC_0498.jpg\"><img loading=\"lazy\" decoding=\"async\" class=\"aligncenter size-large wp-image-36690\" src=\"https:\/\/giurgiu-net.ro\/wp-content\/uploads\/2014\/11\/DSC_0498-300x177.jpg\" alt=\"DSC_0498\" width=\"300\" height=\"177\" srcset=\"https:\/\/giurgiu-net.ro\/wp-content\/uploads\/2014\/11\/DSC_0498-300x177.jpg 300w, https:\/\/giurgiu-net.ro\/wp-content\/uploads\/2014\/11\/DSC_0498-768x453.jpg 768w, https:\/\/giurgiu-net.ro\/wp-content\/uploads\/2014\/11\/DSC_0498-696x411.jpg 696w, https:\/\/giurgiu-net.ro\/wp-content\/uploads\/2014\/11\/DSC_0498.jpg 800w\" sizes=\"auto, (max-width: 300px) 100vw, 300px\" \/><\/a><\/strong><\/p>\n<p><em>\u201eLa Mul\u0163i Ani! S\u0103 dea Dumnezeu s\u0103 v\u0103 bucura\u0163i de prestigiul Colegiului \u015fi s\u0103-l cre\u015fte\u0163i, pentru c\u0103, \u00eentr-adev\u0103r, ave\u0163i \u015fi un nume de legend\u0103. Noi to\u0163i suntem slujitori ai \u015fcolii \u015fi \u00eemi doresc s\u0103 ave\u0163i puterea, \u00een continuare, s\u0103 v\u0103 duce\u0163i\u00a0misiunea p\u00e2n\u0103 la cap\u0103t. P\u0103rin\u0163i, al\u0103turi de profesori, pute\u0163i face din copiii dumneavoastr\u0103 ceea ce v\u0103 dori\u0163i s\u0103 fie, iar elevilor le doresc aripi puternice ca s\u0103 \u00eei ridice unde \u00ee\u015fi doresc\u201d<\/em>.<\/p>\n<p>Ecaterina Andronescu a oferit conducerii Colegiului Na\u0163ional \u201eIon Maiorescu\u201d o plachet\u0103 din partea Universit\u0103\u0163ii Politehnica Bucure\u015fti. Aceasta are inscrip\u0163ionat un citat al lui I.H. R\u0103dulescu: &#8222;Far\u0103 \u015fcoal\u0103 s\u0103 nu se a\u015ftepte nimeni nici la p\u0103rin\u0163i buni, nici fii buni, \u015fi, prin urmare nici la un stat bine organizat \u015fi bine c\u00e2rmuit \u015fi p\u0103storit\u201d.<\/p>\n<p><strong>Niculae B\u0103d\u0103l\u0103u, senator PSD<a href=\"https:\/\/giurgiu-net.ro\/wp-content\/uploads\/2014\/11\/DSC_0503.jpg\"><img loading=\"lazy\" decoding=\"async\" class=\"aligncenter size-large wp-image-36692\" src=\"https:\/\/giurgiu-net.ro\/wp-content\/uploads\/2014\/11\/DSC_0503-240x300.jpg\" alt=\"DSC_0503\" width=\"240\" height=\"300\" srcset=\"https:\/\/giurgiu-net.ro\/wp-content\/uploads\/2014\/11\/DSC_0503-240x300.jpg 240w, https:\/\/giurgiu-net.ro\/wp-content\/uploads\/2014\/11\/DSC_0503.jpg 641w\" sizes=\"auto, (max-width: 240px) 100vw, 240px\" \/><\/a><\/strong><\/p>\n<p><em>\u201e\u00cenv\u0103\u0163a\u0163i la cel mai bun liceu, la o unitate de \u00eenv\u0103\u0163\u0103m\u00e2nt-fanion, vreau s\u0103 v\u0103 urez La Mul\u0163i Ani, s\u0103 fi\u0163i s\u0103n\u0103to\u015fi, harnici, iar dasc\u0103lii vo\u015ftri s\u0103 continue s\u0103 scoat\u0103 valori din acest Colegiu. La Mul\u0163i Ani \u015fi succese, tuturor!\u201d<\/em><\/p>\n<p><strong>Cristian Marciu, vicepre\u015fedinte Consiliul Jude\u0163ean Giurgiu<a href=\"https:\/\/giurgiu-net.ro\/wp-content\/uploads\/2014\/11\/DSC_0508.jpg\"><img loading=\"lazy\" decoding=\"async\" class=\"aligncenter size-large wp-image-36691\" src=\"https:\/\/giurgiu-net.ro\/wp-content\/uploads\/2014\/11\/DSC_0508-300x198.jpg\" alt=\"DSC_0508\" width=\"300\" height=\"198\" \/><\/a><\/strong><\/p>\n<p><em>\u201eLa Mul\u0163i Ani cu ocazia \u00eemplinirii a 145 de ani de c\u00e2nd exist\u0103 Colegiul Maiorescu. Acum 45 de ani, eram \u00een clasa a X-a, s\u0103rb\u0103toream centenarul, iar acum m\u0103 bucur c\u0103 tr\u0103iesc \u00eempreun\u0103 cu dumneavoastr\u0103 aceste clipe de bucurie. Vreau s\u0103 v\u0103 urez, dragi elevi, mult succes, performan\u0163e \u015fi bucurie. Familiilor voastre \u015fi dasc\u0103lilor, succese \u015fi s\u0103 aib\u0103 mult\u0103 r\u0103bdare \u00een educarea voastr\u0103!\u201d<\/em><\/p>\n<p>De asemenea, fostul director <strong>Petre Cornea<\/strong> a dat citirii mesajul pre\u015fedintelui Alian\u0163ei Colegiilor Centenare. <em>\u201eNe bucur\u0103 faptul c\u0103 avem aici, la Giurgiu, un colegiu-membru fondator, pe care ne putem baza \u00een activit\u0103\u0163ile noastre. \u0162inem s\u0103 remarc\u0103m continuitatea apartenen\u0163ei dumneavoastr\u0103 la ACC, seriozitatea cu care a\u0163i abordat participare la aceast\u0103 comunitate educa\u0163ional\u0103 de excep\u0163ie(\u2026) V\u0103 dorim dumneavoastr\u0103, profesorilor, colegilor no\u015ftri dragi \u015fi elevilor, la fel de dragi nou\u0103, succese \u015fi motive tot mai numeroase pentru a explora nesf\u00e2r\u015fita \u201e\u00eemp\u0103r\u0103\u0163ie a cunoa\u015fterii\u201d<\/em>.<\/p>\n<p>C\u0103t\u0103lina Sfetcu<\/p>\n<p>&nbsp;<\/p>\n","protected":false},"excerpt":{"rendered":"<p>Sute de copii, tineri \u015fi dasc\u0103li, dar \u015fi invita\u0163i speciali au luat parte, mar\u0163i, 4 noiembrie, la un eveniment special dedicat emblemei \u00eenv\u0103\u0163\u0103m\u00e2ntului giurgiuvean, prestigiosul Colegiu Na\u0163ional \u201eIon Maiorescu\u201d.<\/p>\n","protected":false},"author":1,"featured_media":36680,"comment_status":"open","ping_status":"open","sticky":false,"template":"","format":"standard","meta":{"slim_seo":{"title":"ANIVERSARE: 145 de ani de la \u00eenfiin\u0163area Colegiului Na\u0163ional \u201eIon Maiorescu\u201d(GALERIE FOTO) - GIURGIU NET","description":"Sute de copii, tineri \u015fi dasc\u0103li, dar \u015fi invita\u0163i speciali au luat parte, mar\u0163i, 4 noiembrie, la un eveniment special dedicat emblemei \u00eenv\u0103\u0163\u0103m\u00e2ntului giurgiuvea"},"footnotes":""},"categories":[18,19,29],"tags":[661,2798],"class_list":{"0":"post-36679","1":"post","2":"type-post","3":"status-publish","4":"format-standard","5":"has-post-thumbnail","7":"category-actual","8":"category-adm","9":"category-educatie-si-cultura","10":"tag-colegiul-national-ion-maiorescu","11":"tag-zi-aniversara"},"_links":{"self":[{"href":"https:\/\/giurgiu-net.ro\/index.php\/wp-json\/wp\/v2\/posts\/36679","targetHints":{"allow":["GET"]}}],"collection":[{"href":"https:\/\/giurgiu-net.ro\/index.php\/wp-json\/wp\/v2\/posts"}],"about":[{"href":"https:\/\/giurgiu-net.ro\/index.php\/wp-json\/wp\/v2\/types\/post"}],"author":[{"embeddable":true,"href":"https:\/\/giurgiu-net.ro\/index.php\/wp-json\/wp\/v2\/users\/1"}],"replies":[{"embeddable":true,"href":"https:\/\/giurgiu-net.ro\/index.php\/wp-json\/wp\/v2\/comments?post=36679"}],"version-history":[{"count":0,"href":"https:\/\/giurgiu-net.ro\/index.php\/wp-json\/wp\/v2\/posts\/36679\/revisions"}],"wp:featuredmedia":[{"embeddable":true,"href":"https:\/\/giurgiu-net.ro\/index.php\/wp-json\/wp\/v2\/media\/36680"}],"wp:attachment":[{"href":"https:\/\/giurgiu-net.ro\/index.php\/wp-json\/wp\/v2\/media?parent=36679"}],"wp:term":[{"taxonomy":"category","embeddable":true,"href":"https:\/\/giurgiu-net.ro\/index.php\/wp-json\/wp\/v2\/categories?post=36679"},{"taxonomy":"post_tag","embeddable":true,"href":"https:\/\/giurgiu-net.ro\/index.php\/wp-json\/wp\/v2\/tags?post=36679"}],"curies":[{"name":"wp","href":"https:\/\/api.w.org\/{rel}","templated":true}]}}