{"id":36652,"date":"2014-11-02T16:43:12","date_gmt":"2014-11-02T14:43:12","guid":{"rendered":"http:\/\/giurgiu-net.ro\/?p=36652"},"modified":"2014-11-02T16:43:12","modified_gmt":"2014-11-02T14:43:12","slug":"si-cealalta-varianta-a-scandalului-de-la-prundu","status":"publish","type":"post","link":"https:\/\/giurgiu-net.ro\/index.php\/2014\/11\/02\/si-cealalta-varianta-a-scandalului-de-la-prundu\/","title":{"rendered":"\u015ei cealalt\u0103 variant\u0103 a scandalului de la Prundu"},"content":{"rendered":"<p>Incidentul de duminic\u0103, 2 noiembrie, de la Prundu, \u00een care a fost implicat reprezentantul PMP Ionel Dinu, cel care sus\u0163ine c\u0103 ar fi fost agresat de mai mul\u0163i s\u0103teni, a fost intens mediatizat, inclusiv \u00een presa central\u0103.<!--more--><\/p>\n<p>Totu\u015fi, de\u015fi Dinu zice\u00a0c\u0103 \u015fi-ar fi luat \u201eb\u0103taie\u201d de la oameni, a\u015fa cum a declarat pentru un site local de \u015ftiri, oamenii din comun\u0103, martori ai incidentului, dar \u015fi primarul C\u0103t\u0103lin Corbea, sus\u0163in c\u0103 ar fi fost tocmai pe dos.<\/p>\n<p><em>\u201eA \u0163ipat pe aici, a urlat la c\u00e2\u0163iva s\u0103teni, i-a \u00eembr\u00e2ncit, f\u0103r\u0103 motiv. Poli\u0163ia nici nu s-a b\u0103gat, iar Dinu nu s-a potolit p\u00e2n\u0103 nu a intervenit Jandarmeria\u201d<\/em>, ne-au spus c\u00e2\u0163iva domni care au v\u0103zut totul. <em>\u201eA\u015fa e c\u00e2nd c\u00e2nd e Ionel Dinu undeva, iese cu scandal!\u201d<\/em>.<\/p>\n<p>\u015ei primarul Corbea a confirmat spusele s\u0103tenilor, el ne-a precizat c\u0103 pe Ionel Dinu nu l-ar fi provocat nimeni, dimpotriv\u0103, \u00een opinia sa, PMP-istul ar fi fost trimis la Prundu pentru a b\u0103ga z\u00e2zanie \u00eentre oameni, pentru producerea unor asemenea incidente.<\/p>\n<p>Este de ne\u00een\u0163eles \u015fi de verificat de ce martorii\u00a0sus\u0163in c\u0103 poli\u0163i\u015ftii prezen\u0163i acolo nu ar fi intervenit&#8230;<\/p>\n<p>De altfel, la momentul la care am ajuns \u00een comun\u0103, \u00een fa\u0163a uneia dintre sec\u0163iile de votare, Ionel Dinu nu p\u0103rea deloc afectat. Dimpotriv\u0103, dup\u0103 cum pute\u0163i observa din poze, chiar z\u00e2mbea, \u00eenconjurat fiind de mai mul\u0163i oameni ai legii. Mai mult dec\u00e2t at\u00e2t, pe site-ul Ministerului de Interne a fost publicat, recent, un comunicat prin care se anun\u0163\u0103 c\u0103 acuza\u0163iile aduse de Ionel Dinu s\u0103tenilor din Prundu&#8230; NU se confirm\u0103.<a href=\"https:\/\/giurgiu-net.ro\/wp-content\/uploads\/2014\/11\/DSC_0442.jpg\"><img loading=\"lazy\" decoding=\"async\" class=\"aligncenter size-large wp-image-36655\" src=\"https:\/\/giurgiu-net.ro\/wp-content\/uploads\/2014\/11\/DSC_0442-300x294.jpg\" alt=\"DSC_0442\" width=\"300\" height=\"294\" \/><\/a><\/p>\n","protected":false},"excerpt":{"rendered":"<p>Incidentul de duminic\u0103, 2 noiembrie, de la Prundu, \u00een care a fost implicat reprezentantul PMP Ionel Dinu, cel care sus\u0163ine c\u0103 ar fi fost agresat de mai mul\u0163i s\u0103teni, a fost intens mediatizat, inclusiv \u00een presa central\u0103.<\/p>\n","protected":false},"author":1,"featured_media":36654,"comment_status":"open","ping_status":"open","sticky":false,"template":"","format":"standard","meta":{"slim_seo":{"title":"\u015ei cealalt\u0103 variant\u0103 a scandalului de la Prundu - GIURGIU NET","description":"Incidentul de duminic\u0103, 2 noiembrie, de la Prundu, \u00een care a fost implicat reprezentantul PMP Ionel Dinu, cel care sus\u0163ine c\u0103 ar fi fost agresat de mai mul\u0163i s\u0103"},"footnotes":""},"categories":[18,19,26],"tags":[166,540,1433,2021,2249],"class_list":["post-36652","post","type-post","status-publish","format-standard","has-post-thumbnail","category-actual","category-adm","category-soc","tag-alegeri-prezidentiale","tag-catalin-corbea","tag-ionel-dinu","tag-pmp","tag-prundu"],"_links":{"self":[{"href":"https:\/\/giurgiu-net.ro\/index.php\/wp-json\/wp\/v2\/posts\/36652","targetHints":{"allow":["GET"]}}],"collection":[{"href":"https:\/\/giurgiu-net.ro\/index.php\/wp-json\/wp\/v2\/posts"}],"about":[{"href":"https:\/\/giurgiu-net.ro\/index.php\/wp-json\/wp\/v2\/types\/post"}],"author":[{"embeddable":true,"href":"https:\/\/giurgiu-net.ro\/index.php\/wp-json\/wp\/v2\/users\/1"}],"replies":[{"embeddable":true,"href":"https:\/\/giurgiu-net.ro\/index.php\/wp-json\/wp\/v2\/comments?post=36652"}],"version-history":[{"count":0,"href":"https:\/\/giurgiu-net.ro\/index.php\/wp-json\/wp\/v2\/posts\/36652\/revisions"}],"wp:featuredmedia":[{"embeddable":true,"href":"https:\/\/giurgiu-net.ro\/index.php\/wp-json\/wp\/v2\/media\/36654"}],"wp:attachment":[{"href":"https:\/\/giurgiu-net.ro\/index.php\/wp-json\/wp\/v2\/media?parent=36652"}],"wp:term":[{"taxonomy":"category","embeddable":true,"href":"https:\/\/giurgiu-net.ro\/index.php\/wp-json\/wp\/v2\/categories?post=36652"},{"taxonomy":"post_tag","embeddable":true,"href":"https:\/\/giurgiu-net.ro\/index.php\/wp-json\/wp\/v2\/tags?post=36652"}],"curies":[{"name":"wp","href":"https:\/\/api.w.org\/{rel}","templated":true}]}}