{"id":36587,"date":"2014-10-29T13:30:26","date_gmt":"2014-10-29T11:30:26","guid":{"rendered":"http:\/\/giurgiu-net.ro\/?p=36587"},"modified":"2014-10-29T13:30:26","modified_gmt":"2014-10-29T11:30:26","slug":"nicolae-barbu-organizatia-municipala-a-psd-giurgiu-va-fi-printre-primele-in-tara-la-rezultatele-dupa-alegeri","status":"publish","type":"post","link":"https:\/\/giurgiu-net.ro\/index.php\/2014\/10\/29\/nicolae-barbu-organizatia-municipala-a-psd-giurgiu-va-fi-printre-primele-in-tara-la-rezultatele-dupa-alegeri\/","title":{"rendered":"Nicolae Barbu: Organiza\u0163ia municipal\u0103 a PSD Giurgiu va fi printre primele \u00een \u0163ar\u0103, la rezultatele dup\u0103 alegeri"},"content":{"rendered":"<p>\u00centrebat, la cea mai recent\u0103 conferin\u0163\u0103 de pres\u0103, ce rezultate crede c\u0103 va ob\u0163ine PSD Giurgiu, la nivel de urbe, pre\u015fedintele organiza\u0163iei municipale, primarul Nicolae Barbu, s-a ar\u0103tat \u00eencrez\u0103tor.<!--more--><\/p>\n<p><em>\u201eOrganiza\u0163ia municipal\u0103 a PSD Giurgiu va fi printre primele \u00een r\u00e2ndul municipiilor re\u015fedin\u0163elor de jude\u0163. Eu cred c\u0103 vor veni oamenii la vot. Din discu\u0163iile pe care le-am avut cu giurgiuvenii, \u00een deplas\u0103rile prin diferite cartiere, am \u00een\u0163eles c\u0103 sunt hot\u0103r\u00e2\u0163i s\u0103 ias\u0103 la vot \u015fi s\u0103 fac\u0103 o schimbare \u00een bine. Oamenii s-au s\u0103turat de scandaluri \u015fi certuri. Au lini\u015fte \u00een municipiu, dar vor lini\u015fte \u015fi la nivel central, s\u0103 termin\u0103m odat\u0103 cu scandalurile. Este, sunt convins, sf\u00e2r\u015fitul unei perioade de 10 ani pe care nu ne-o vom aminti cu pl\u0103cere\u201d<\/em>, a subliniat Nicolae Barbu.<\/p>\n<p>C.S.<\/p>\n","protected":false},"excerpt":{"rendered":"<p>\u00centrebat, la cea mai recent\u0103 conferin\u0163\u0103 de pres\u0103, ce rezultate crede c\u0103 va ob\u0163ine PSD Giurgiu, la nivel de urbe, pre\u015fedintele organiza\u0163iei municipale, primarul Nicolae Barbu, s-a ar\u0103tat \u00eencrez\u0103tor.<\/p>\n","protected":false},"author":1,"featured_media":36588,"comment_status":"open","ping_status":"open","sticky":false,"template":"","format":"standard","meta":{"slim_seo":{"title":"Nicolae Barbu: Organiza\u0163ia municipal\u0103 a PSD Giurgiu va fi printre primele \u00een \u0163ar\u0103, la rezultatele dup\u0103 alegeri - GIURGIU NET","description":"\u00centrebat, la cea mai recent\u0103 conferin\u0163\u0103 de pres\u0103, ce rezultate crede c\u0103 va ob\u0163ine PSD Giurgiu, la nivel de urbe, pre\u015fedintele organiza\u0163iei municipale, primarul"},"footnotes":""},"categories":[19,25],"tags":[1831,2256],"class_list":["post-36587","post","type-post","status-publish","format-standard","has-post-thumbnail","category-adm","category-pol","tag-nicolae-barbu","tag-psd-giurgiu"],"_links":{"self":[{"href":"https:\/\/giurgiu-net.ro\/index.php\/wp-json\/wp\/v2\/posts\/36587","targetHints":{"allow":["GET"]}}],"collection":[{"href":"https:\/\/giurgiu-net.ro\/index.php\/wp-json\/wp\/v2\/posts"}],"about":[{"href":"https:\/\/giurgiu-net.ro\/index.php\/wp-json\/wp\/v2\/types\/post"}],"author":[{"embeddable":true,"href":"https:\/\/giurgiu-net.ro\/index.php\/wp-json\/wp\/v2\/users\/1"}],"replies":[{"embeddable":true,"href":"https:\/\/giurgiu-net.ro\/index.php\/wp-json\/wp\/v2\/comments?post=36587"}],"version-history":[{"count":0,"href":"https:\/\/giurgiu-net.ro\/index.php\/wp-json\/wp\/v2\/posts\/36587\/revisions"}],"wp:featuredmedia":[{"embeddable":true,"href":"https:\/\/giurgiu-net.ro\/index.php\/wp-json\/wp\/v2\/media\/36588"}],"wp:attachment":[{"href":"https:\/\/giurgiu-net.ro\/index.php\/wp-json\/wp\/v2\/media?parent=36587"}],"wp:term":[{"taxonomy":"category","embeddable":true,"href":"https:\/\/giurgiu-net.ro\/index.php\/wp-json\/wp\/v2\/categories?post=36587"},{"taxonomy":"post_tag","embeddable":true,"href":"https:\/\/giurgiu-net.ro\/index.php\/wp-json\/wp\/v2\/tags?post=36587"}],"curies":[{"name":"wp","href":"https:\/\/api.w.org\/{rel}","templated":true}]}}