{"id":36419,"date":"2014-10-23T11:30:04","date_gmt":"2014-10-23T08:30:04","guid":{"rendered":"http:\/\/giurgiu-net.ro\/?p=36419"},"modified":"2014-10-23T11:30:04","modified_gmt":"2014-10-23T08:30:04","slug":"ce-proiecte-cu-fonduri-europene-vor-cei-de-la-primaria-giurgiu-sa-castige-si-sa-implementeze","status":"publish","type":"post","link":"https:\/\/giurgiu-net.ro\/index.php\/2014\/10\/23\/ce-proiecte-cu-fonduri-europene-vor-cei-de-la-primaria-giurgiu-sa-castige-si-sa-implementeze\/","title":{"rendered":"Ce proiecte cu fonduri europene vor cei de la Prim\u0103ria Giurgiu s\u0103 c\u00e2\u015ftige \u015fi s\u0103 implementeze?"},"content":{"rendered":"<p>Primarul Nicolae Barbu a vorbit, miercuri, 22 octombrie, \u00een conferin\u0163\u0103 de pres\u0103, \u015fi despre planurile de investi\u0163ii cu fonduri europene, aflate \u00een stadiul de documenta\u0163ie tehnic\u0103.<!--more--><\/p>\n<p>\u00cen primul r\u00e2nd, edilul-\u015fef a men\u0163ionat proiectul ce vizeaz\u0103 amenajarea Canalului Plantelor, ce va fi transformat \u00eentr-o zon\u0103 turistic\u0103.<\/p>\n<p>P\u00e2n\u0103 atunci, \u00eens\u0103, pentru a nu ap\u0103rea probleme din cauza Dun\u0103rii, care este fie foarte sc\u0103zut\u0103, fie poate produce inunda\u0163ii, mai \u00eent\u00e2i, cei din Prim\u0103ria Giurgiu vor s\u0103 depun\u0103 un proiect, cu fonduri proprii, ce vizeaz\u0103 construirea unui baraj \u015fi a unei ecluze \u00een apropierea Podului Bizetz.<\/p>\n<p><em>\u201eDup\u0103 aceea, vom putea demara \u015fi proiectul de modernizarea a malurilor Canalului. Este vorba despre 120-140 de metri, amenaja\u0163i pentru plimb\u0103ri, de asemenea va exista \u015fi un ponton. Vor putea fi f\u0103cute plimb\u0103ri cu barca \u015fi sporturi pe ap\u0103\u201d<\/em>, a spus Barbu.<\/p>\n<p>El a anun\u0163at c\u0103 proiectul privind barajul se ridic\u0103 la 600.000 de euro. Primarul de Giurgiu a explicat c\u0103 ar putea fi realizat \u015fi cu fonduri europene, dar ar putea dura chiar \u015fi 3 ani p\u00e2n\u0103 la implementare \u015fi s-ar putea pierde cel\u0103lalt- pentru modernizarea Canalului Plantelor.<\/p>\n<p>Nicolae Barbu a mai anun\u0163at c\u0103 se afl\u0103 \u00eentr-o faz\u0103 avansat\u0103 \u015fi proiectul privind planul integrat de dezvoltare urban\u0103. \u00cen acesta sunt cuprinse reabilit\u0103ri de str\u0103zi, precum cele din cartierele Ramadan, Sloboziei, Ghizdarului sau Obor, dar \u015fi implementarea unui sistem de monitorizare video a ora\u015fului, c\u00e2t \u015fi modernizarea Parcului Elevilor.<\/p>\n<p>Totodat\u0103, se lucreaz\u0103 la documenta\u0163ia tehnic\u0103 pentru amenajarea Parcului Tineretului, c\u00e2t \u015fi la cea privind \u00eenfiin\u0163area unui centru pentru persoane v\u00e2rstnice la \u201eStejarul\u201d, acolo unde, actualmente, \u201efunc\u0163ioneaz\u0103\u201d o tab\u0103r\u0103 \u015fcolar\u0103.<\/p>\n<p>Vor fi, a mai spus Barbu, \u015fi alte proiecte ce se vor finan\u0163ate cu fonduri europene, \u201eMarina Port\u201d, restaurarea Cet\u0103\u0163ii Giurgiu \u015fi a centrului istoric al municipiului.<\/p>\n<p>C.S.<\/p>\n","protected":false},"excerpt":{"rendered":"<p>Primarul Nicolae Barbu a vorbit, miercuri, 22 octombrie, \u00een conferin\u0163\u0103 de pres\u0103, \u015fi despre planurile de investi\u0163ii cu fonduri europene, aflate \u00een stadiul de documenta\u0163ie tehnic\u0103.<\/p>\n","protected":false},"author":1,"featured_media":36422,"comment_status":"open","ping_status":"open","sticky":false,"template":"","format":"standard","meta":{"slim_seo":{"title":"Ce proiecte cu fonduri europene vor cei de la Prim\u0103ria Giurgiu s\u0103 c\u00e2\u015ftige \u015fi s\u0103 implementeze? - GIURGIU NET","description":"Primarul Nicolae Barbu a vorbit, miercuri, 22 octombrie, \u00een conferin\u0163\u0103 de pres\u0103, \u015fi despre planurile de investi\u0163ii cu fonduri europene, aflate \u00een stadiul de doc"},"footnotes":""},"categories":[18,19,26],"tags":[480,2158,2207],"class_list":["post-36419","post","type-post","status-publish","format-standard","has-post-thumbnail","category-actual","category-adm","category-soc","tag-canalul-plantelor","tag-primaria-giurgiu","tag-proiecte-europene"],"_links":{"self":[{"href":"https:\/\/giurgiu-net.ro\/index.php\/wp-json\/wp\/v2\/posts\/36419","targetHints":{"allow":["GET"]}}],"collection":[{"href":"https:\/\/giurgiu-net.ro\/index.php\/wp-json\/wp\/v2\/posts"}],"about":[{"href":"https:\/\/giurgiu-net.ro\/index.php\/wp-json\/wp\/v2\/types\/post"}],"author":[{"embeddable":true,"href":"https:\/\/giurgiu-net.ro\/index.php\/wp-json\/wp\/v2\/users\/1"}],"replies":[{"embeddable":true,"href":"https:\/\/giurgiu-net.ro\/index.php\/wp-json\/wp\/v2\/comments?post=36419"}],"version-history":[{"count":0,"href":"https:\/\/giurgiu-net.ro\/index.php\/wp-json\/wp\/v2\/posts\/36419\/revisions"}],"wp:featuredmedia":[{"embeddable":true,"href":"https:\/\/giurgiu-net.ro\/index.php\/wp-json\/wp\/v2\/media\/36422"}],"wp:attachment":[{"href":"https:\/\/giurgiu-net.ro\/index.php\/wp-json\/wp\/v2\/media?parent=36419"}],"wp:term":[{"taxonomy":"category","embeddable":true,"href":"https:\/\/giurgiu-net.ro\/index.php\/wp-json\/wp\/v2\/categories?post=36419"},{"taxonomy":"post_tag","embeddable":true,"href":"https:\/\/giurgiu-net.ro\/index.php\/wp-json\/wp\/v2\/tags?post=36419"}],"curies":[{"name":"wp","href":"https:\/\/api.w.org\/{rel}","templated":true}]}}