{"id":36287,"date":"2014-10-16T16:28:14","date_gmt":"2014-10-16T13:28:14","guid":{"rendered":"http:\/\/giurgiu-net.ro\/?p=36287"},"modified":"2014-10-16T16:28:14","modified_gmt":"2014-10-16T13:28:14","slug":"mustatea-habar-nu-are-de-administratie","status":"publish","type":"post","link":"https:\/\/giurgiu-net.ro\/index.php\/2014\/10\/16\/mustatea-habar-nu-are-de-administratie\/","title":{"rendered":"Must\u0103\u021bea habar nu are de administra\u021bie!"},"content":{"rendered":"<p><a href=\"https:\/\/giurgiu-net.ro\/wp-content\/uploads\/2014\/10\/DSC_0045.jpg\"><img loading=\"lazy\" decoding=\"async\" class=\" td-modal-image alignright wp-image-35955 size-medium\" src=\"https:\/\/giurgiu-net.ro\/wp-content\/uploads\/2014\/10\/DSC_0045-200x121.jpg\" alt=\"DSC_0045\" width=\"200\" height=\"121\" \/><\/a>\u0218edin\u021ba extraordinar\u0103 de consiliu jude\u021bean de joi, 16 octombrie, solicitat\u0103 de consilierii jude\u021beni ai PSD, PC \u0219i PLR, a fost anulat\u0103 deoarece nu s-a \u00eentrunit cvorumul. Cu pu\u021bin timp \u00eenainte de \u00eenceperea \u0219edin\u021bei, grupul de consilieri ai celor trei forma\u021biuni politice au depus la secretarul CJ Giurgiu o adres\u0103 prin care solicitau am\u00e2narea \u0219edin\u021bei de ast\u0103zi pentru data de 21 octombrie, ora 11. <!--more-->\u00cen motiva\u021bia consilierilor se precizeaz\u0103: \u201e<strong>Motiv\u0103m aceast\u0103 solicitare de decizia domnului pre\u0219edinte al Consiliului Jude\u021bean, Vasile Must\u0103\u021bea, de a convoca o \u0219edin\u021b\u0103 , la aceea\u0219i or\u0103\u00a0\u0219i \u00een aceea\u0219i zi , cu alt\u0103 ordine de zi, \u00eencerc\u00e2nd \u00een acest fel s\u0103 dea un caracter de \u0219edin\u021b\u0103 ordinar\u0103\u00a0unei \u0219edin\u021be extraordinare, convocat\u0103\u00a0\u00een conformitate cu prevederile Legii nr. 215 de c\u0103tre grupurile semnatare\u201d.\u00a0<\/strong><\/p>\n<p>Ce s-a \u00eent\u00e2mplat, totu\u0219i, la \u0219edin\u021ba de joi? Consilierii PSD-PC-PLR nu au venit la \u0219edin\u021b\u0103, cu motiva\u021bia de mai sus. Vasile Must\u0103\u021bea, crez\u00e2nd c\u0103 va avea sor\u021bi de izb\u00e2nd\u0103, a \u00eenceput, \u00een maniera-i caracteristic\u0103, s\u0103 \u00eemproa\u0219te cu noroi \u00een consilierii care nu-i sunt loiali. \u201eSunt extrem de sup\u0103rat!\u201d, tuna Must\u0103\u021bea. \u201eAu f\u0103cut o propunere de \u0219edin\u021b\u0103 la care nu au venit! A\u0219a de mult le pas\u0103 de cet\u0103\u021benii acestui jude\u021b, de oamenii care au nevoie de medicamente sau de bani&#8230;Oamenii aceia i-au trimis pe scaunele de consilieri! (n.r. &#8211; aici ar fi trebuit, ca s\u0103 dea bine \u00een fa\u021ba giurgiuvenilor, dar \u0219i pe camerele de filmat ale televiziunilor locale, s\u0103 verse \u0219i c\u00e2teva lacrimi&#8230;)\u201d. Pe sistemul \u201eS\u0103-\u021bi fie ru\u0219ine, Dinu Patriciu\u201d, Must\u0103\u021bea a tunat, a fulgerat, s-a lamentat timp de c\u00e2teva minute. Mai mult, i-a acuzat pe consilierii jude\u021beni ai celor trei forma\u021biuni politice c\u0103 i-ar fi furat proiectele de hot\u0103r\u00e2re ini\u021biate de el!<\/p>\n<p>Doar c\u0103 lovitura de gra\u021bie i-a venit din partea secretarului jude\u021bului, Florian Dinu, singura persoan\u0103 avizat\u0103 s\u0103 dea avizul de legalitate pe un proiect de hot\u0103r\u00e2re sau pe un convocator de \u0219edin\u021b\u0103, ordinar\u0103 sau extraordinar\u0103.<\/p>\n<p><a href=\"https:\/\/giurgiu-net.ro\/wp-content\/uploads\/2014\/10\/Florian-Dinu.jpg\"><img loading=\"lazy\" decoding=\"async\" class=\" td-modal-image alignright wp-image-36289 size-medium\" src=\"https:\/\/giurgiu-net.ro\/wp-content\/uploads\/2014\/10\/Florian-Dinu-186x200.jpg\" alt=\"Florian-Dinu\" width=\"186\" height=\"200\" \/><\/a>\u201eNu vreau s\u0103 se cread\u0103 c\u0103 viza dat\u0103 de altcineva, dec\u00e2t de mine, care sunt singurul abilitat s\u0103 dau avizul de legalitate, este \u00een regul\u0103. Este un referat de legalitate f\u0103cut de cineva din subordinea mea, f\u0103r\u0103 a avea vreun drept s\u0103 fac\u0103 acest lucru. Acele proiecte de hot\u0103r\u00e2re propuse a fi repuse pe ordinea de zi de c\u0103tre consilierii PSD-PC-PLR au fost legale pe 30 septembrie, sunt legale \u0219i acum, \u0219i, dac\u0103 nu intervine nimic, vor fi legale \u0219i m\u00e2ine. Nu s-a f\u0103cut referire, nicio secund\u0103, \u00een convocarea f\u0103cut\u0103 de consilierii aminiti\u021bi, la ini\u021bierea unui nou proiect de hot\u0103r\u00e2re, ci doar de repunerea acestora pe ordinea de zi. Dumneavoastr\u0103, \u00een schimb, ca pre\u0219edinte, v\u0103 permite\u021bi s\u0103 trece\u021bi peste avizul de legalitate. Eu, dac\u0103 dau un aviz, r\u0103spund direct \u0219i personal, dar r\u0103spund pentru avizele date de mine, nu de un subaltern. Dac\u0103 avea\u021bi vreo nel\u0103murire, trebuia s\u0103 veni\u021bi s\u0103 discut\u0103m. H\u00e2rtiile prezentate de dumneavoastr\u0103, sub semn\u0103tura \u201ede legalitate\u201d a subalternului meu, au darul doar de a dezinforma. Nu \u00eencerca\u021bi s\u0103 da\u021bi la o parte reprezentantul legalit\u0103\u021bii din acest consiliu. Este fals\u0103 ideea acreditat\u0103 c\u0103 nu s-au \u00eendeplinit anumite condi\u021bii, referitor la aceste proiecte propuse \u0219i azi. Dac\u0103 ar fi a\u0219a, \u00eenseamn\u0103 c\u0103 \u0219i \u00een \u0219edin\u021ba de pe 30 septembrie au fost introduse fals \u0219i ilegal \u00een \u0219edin\u021ba de Consiliu\u201d, a \u00eencheiat secretarul jude\u021bului, Florian Dinu.<\/p>\n<p>C\u00e2t despre convocarea \u0219edin\u021bei, despre care Vasile Must\u0103\u021bea sus\u021binea c\u0103 a fost f\u0103cut\u0103 \u00een mod ilegal, deoarece cererea nu a trecut \u0219i prin biroul lui, Florian Dinu a declarat: \u201eEu, secretarul jude\u021bului, sunt cel care prime\u0219te cererile de convocare, eu verific \u0219i efectuez toate procedurile necesare pentru demararea \u0219i convocarea \u0219edin\u021bei. C\u00e2nd \u00eemi vine o treime din consilieri cu cerere, eu \u00eendeplinesc procedurile legale. Dac\u0103 habar nu ave\u021bi de administra\u021bie, l\u0103sa\u021bi-m\u0103 s\u0103-mi fac treaba!\u201d<\/p>\n<p>\u00cen final, replica lui Vasile Must\u0103\u021bea, \u00eenainte de a se ridica de la masa de consiliu, a fost: \u201eDeclar c\u0103&#8230;Nu mai am ce s\u0103 declar!\u201d, referindu-se, probabil, la faptul c\u0103 ar fi trebuit s\u0103 declare \u0219edin\u021ba \u00eencheiat\u0103.<\/p>\n<p>Oana C\u0102LIN<\/p>\n","protected":false},"excerpt":{"rendered":"<p>\u0218edin\u021ba extraordinar\u0103 de consiliu jude\u021bean de joi, 16 octombrie, solicitat\u0103 de consilierii jude\u021beni ai PSD, PC \u0219i PLR, a fost anulat\u0103 deoarece nu s-a \u00eentrunit cvorumul. Cu pu\u021bin timp \u00eenainte de \u00eenceperea \u0219edin\u021bei, grupul de consilieri ai celor trei forma\u021biuni politice au depus la secretarul CJ Giurgiu o adres\u0103 prin care solicitau am\u00e2narea \u0219edin\u021bei de [&hellip;]<\/p>\n","protected":false},"author":1,"featured_media":36205,"comment_status":"open","ping_status":"open","sticky":false,"template":"","format":"standard","meta":{"slim_seo":{"title":"Must\u0103\u021bea habar nu are de administra\u021bie! - GIURGIU NET","description":"\u0218edin\u021ba extraordinar\u0103 de consiliu jude\u021bean de joi, 16 octombrie, solicitat\u0103 de consilierii jude\u021beni ai PSD, PC \u0219i PLR, a fost anulat\u0103 deoarece nu s-a \u00eentrunit c"},"footnotes":""},"categories":[18,19],"tags":[189,1241,1505,1811,2437],"class_list":["post-36287","post","type-post","status-publish","format-standard","has-post-thumbnail","category-actual","category-adm","tag-amanare","tag-giurgiu","tag-legalitate","tag-mustatea","tag-sedinta"],"_links":{"self":[{"href":"https:\/\/giurgiu-net.ro\/index.php\/wp-json\/wp\/v2\/posts\/36287","targetHints":{"allow":["GET"]}}],"collection":[{"href":"https:\/\/giurgiu-net.ro\/index.php\/wp-json\/wp\/v2\/posts"}],"about":[{"href":"https:\/\/giurgiu-net.ro\/index.php\/wp-json\/wp\/v2\/types\/post"}],"author":[{"embeddable":true,"href":"https:\/\/giurgiu-net.ro\/index.php\/wp-json\/wp\/v2\/users\/1"}],"replies":[{"embeddable":true,"href":"https:\/\/giurgiu-net.ro\/index.php\/wp-json\/wp\/v2\/comments?post=36287"}],"version-history":[{"count":0,"href":"https:\/\/giurgiu-net.ro\/index.php\/wp-json\/wp\/v2\/posts\/36287\/revisions"}],"wp:featuredmedia":[{"embeddable":true,"href":"https:\/\/giurgiu-net.ro\/index.php\/wp-json\/wp\/v2\/media\/36205"}],"wp:attachment":[{"href":"https:\/\/giurgiu-net.ro\/index.php\/wp-json\/wp\/v2\/media?parent=36287"}],"wp:term":[{"taxonomy":"category","embeddable":true,"href":"https:\/\/giurgiu-net.ro\/index.php\/wp-json\/wp\/v2\/categories?post=36287"},{"taxonomy":"post_tag","embeddable":true,"href":"https:\/\/giurgiu-net.ro\/index.php\/wp-json\/wp\/v2\/tags?post=36287"}],"curies":[{"name":"wp","href":"https:\/\/api.w.org\/{rel}","templated":true}]}}