{"id":36237,"date":"2014-10-13T12:57:18","date_gmt":"2014-10-13T09:57:18","guid":{"rendered":"http:\/\/giurgiu-net.ro\/?p=36237"},"modified":"2014-10-13T12:57:18","modified_gmt":"2014-10-13T09:57:18","slug":"spiderman-de-giurgiu-din-nou-in-libertate","status":"publish","type":"post","link":"https:\/\/giurgiu-net.ro\/index.php\/2014\/10\/13\/spiderman-de-giurgiu-din-nou-in-libertate\/","title":{"rendered":"\u201eSpiderman\u201d de Giurgiu, din nou \u00een libertate"},"content":{"rendered":"<p>UPDATE(15 octombrie): Potrivit reprezentan\u0163ilor Poli\u0163iei Giurgiu, b\u0103rbatul a fost doar re\u0163inut, \u00een urm\u0103 cu circa o lun\u0103, pentru 24 de ore. Ulterior, magistra\u0163ii au decis ca giurgiuveanul s\u0103 fie cercetat \u00een libertate, sub control judiciar.<!--more--><\/p>\n<p>De trei ori a amenin\u0163at c\u0103 se sinucide, urc\u00e2ndu-se pe cl\u0103diri, de tot at\u00e2tea ori a fost dus fie la unitatea medical\u0103 din Vadu Lat, fie la Spitalul Psihiatric \u201eAlexandru Obregia\u201d din Capital\u0103. De asemenea, \u00een urm\u0103 cu circa o lun\u0103, dup\u0103 ce a fost externat de la Bucure\u015fti, presa local\u0103 anun\u0163a c\u0103 ar fi fost arestat.<\/p>\n<p>Iat\u0103 c\u0103 luni, 13 octombrie, \u201eSpiderman\u201d de Giurgiu, a\u015fa cum a fost poreclit de media local\u0103, a fost v\u0103zut \u00een libertate. Mai cu seam\u0103 \u00een incinta Prim\u0103riei Giurgiu, acolo unde s-a dus s\u0103 cear\u0103 o locuin\u0163\u0103 pentru familiile sale. El a fost \u00eenso\u0163it de una dintre concubine \u015fi un copil. Ce-i drept, martorii ne-au spus c\u0103 nu a f\u0103cut scandal \u015fi a plecat din institu\u0163ie f\u0103r\u0103 s\u0103 provoace vreun incident.<a href=\"https:\/\/giurgiu-net.ro\/wp-content\/uploads\/2014\/10\/nebun-bun.jpg\"><img loading=\"lazy\" decoding=\"async\" class=\"aligncenter size-large wp-image-36242\" src=\"https:\/\/giurgiu-net.ro\/wp-content\/uploads\/2014\/10\/nebun-bun-264x300.jpg\" alt=\"nebun bun\" width=\"264\" height=\"300\" \/><\/a><\/p>\n<p>B\u0103rbatul, \u00een v\u00e2rst\u0103 de 33 de ani, a amenin\u0163at cu sinuciderea, ultima oar\u0103, pe 22 august. El a luat cu el pe terasamentul C\u0103minului D din Istru \u015fi doi copii ai uneia din cele dou\u0103 concubine ale sale. A fost un adev\u0103rat scandal, giurgiuveanul \u015foc\u00e2ndu-i pe to\u0163i cei prezen\u0163i la incident, dup\u0103 ce \u015fi-a b\u0103tut un cui \u00een cap \u015fi a aruncat cu pietre \u00een for\u0163ele de ordine.<\/p>\n<p>Prima sa amenin\u0163are cu sinuciderea s-a petrecut \u00een luna iulie, c\u00e2nd t\u00e2n\u0103rul s-a urcat pe acoperi\u015ful Prim\u0103riei Giurgiu, sus\u0163in\u00e2nd c\u0103 ar fi fost agresat de jandarmi.<\/p>\n<p>Celelalte dou\u0103 incidente au avut ca motiva\u0163ie faptul c\u0103 a fost evacuat din C\u0103minul D de la Istru.<\/p>\n<p>Vom reveni cu am\u0103nunte!<\/p>\n<p>C.S.<\/p>\n","protected":false},"excerpt":{"rendered":"<p>UPDATE(15 octombrie): Potrivit reprezentan\u0163ilor Poli\u0163iei Giurgiu, b\u0103rbatul a fost doar re\u0163inut, \u00een urm\u0103 cu circa o lun\u0103, pentru 24 de ore. Ulterior, magistra\u0163ii au decis ca giurgiuveanul s\u0103 fie cercetat \u00een libertate, sub control judiciar.<\/p>\n","protected":false},"author":1,"featured_media":36240,"comment_status":"open","ping_status":"open","sticky":false,"template":"","format":"standard","meta":{"slim_seo":{"title":"\u201eSpiderman\u201d de Giurgiu, din nou \u00een libertate - GIURGIU NET","description":"UPDATE(15 octombrie): Potrivit reprezentan\u0163ilor Poli\u0163iei Giurgiu, b\u0103rbatul a fost doar re\u0163inut, \u00een urm\u0103 cu circa o lun\u0103, pentru 24 de ore. Ulterior, magistra\u0163ii"},"footnotes":""},"categories":[18,19,26],"tags":[1449,2529],"class_list":{"0":"post-36237","1":"post","2":"type-post","3":"status-publish","4":"format-standard","5":"has-post-thumbnail","7":"category-actual","8":"category-adm","9":"category-soc","10":"tag-istru","11":"tag-spiderman-de-giurgiu"},"_links":{"self":[{"href":"https:\/\/giurgiu-net.ro\/index.php\/wp-json\/wp\/v2\/posts\/36237","targetHints":{"allow":["GET"]}}],"collection":[{"href":"https:\/\/giurgiu-net.ro\/index.php\/wp-json\/wp\/v2\/posts"}],"about":[{"href":"https:\/\/giurgiu-net.ro\/index.php\/wp-json\/wp\/v2\/types\/post"}],"author":[{"embeddable":true,"href":"https:\/\/giurgiu-net.ro\/index.php\/wp-json\/wp\/v2\/users\/1"}],"replies":[{"embeddable":true,"href":"https:\/\/giurgiu-net.ro\/index.php\/wp-json\/wp\/v2\/comments?post=36237"}],"version-history":[{"count":0,"href":"https:\/\/giurgiu-net.ro\/index.php\/wp-json\/wp\/v2\/posts\/36237\/revisions"}],"wp:featuredmedia":[{"embeddable":true,"href":"https:\/\/giurgiu-net.ro\/index.php\/wp-json\/wp\/v2\/media\/36240"}],"wp:attachment":[{"href":"https:\/\/giurgiu-net.ro\/index.php\/wp-json\/wp\/v2\/media?parent=36237"}],"wp:term":[{"taxonomy":"category","embeddable":true,"href":"https:\/\/giurgiu-net.ro\/index.php\/wp-json\/wp\/v2\/categories?post=36237"},{"taxonomy":"post_tag","embeddable":true,"href":"https:\/\/giurgiu-net.ro\/index.php\/wp-json\/wp\/v2\/tags?post=36237"}],"curies":[{"name":"wp","href":"https:\/\/api.w.org\/{rel}","templated":true}]}}