{"id":36080,"date":"2014-10-07T14:39:30","date_gmt":"2014-10-07T11:39:30","guid":{"rendered":"http:\/\/giurgiu-net.ro\/?p=36080"},"modified":"2014-10-07T14:39:30","modified_gmt":"2014-10-07T11:39:30","slug":"victor-ponta-in-vizita-la-giurgiu-pe-20-octombrie","status":"publish","type":"post","link":"https:\/\/giurgiu-net.ro\/index.php\/2014\/10\/07\/victor-ponta-in-vizita-la-giurgiu-pe-20-octombrie\/","title":{"rendered":"Victor Ponta, \u00een vizit\u0103 la Giurgiu pe 20 octombrie"},"content":{"rendered":"<p style=\"text-align: justify;\">Prezent la petrecerea de Ziua Pensionarilor, senatorul Niculae B\u0103d\u0103l\u0103u a anun\u021bat faptul c\u0103, pentru a doua oar\u0103 \u00een acest an, premierul Victor Ponta, candidatul social-democrat la alegerile preziden\u021biale, va vizita municipiul nostru.\u00a0<!--more--><\/p>\n<p style=\"text-align: justify;\">\u201ePe data de 20 octombrie, Victor Ponta, candidatul nostru, ne va onora din nou cu o vizit\u0103 \u00een Giurgiu. \u00cencep\u00e2nd cu ora 15, va vizita \u0218antierul Naval din Giurgiu, obiectiv pentru care domnia sa are o sl\u0103biciune aparte\u201d, a precizat pre\u0219edintele organiza\u021biei jude\u021bene a PSD, senatorul Niculae B\u0103d\u0103l\u0103u.<\/p>\n<p>Oana C\u0102LIN<\/p>\n","protected":false},"excerpt":{"rendered":"<p>Prezent la petrecerea de Ziua Pensionarilor, senatorul Niculae B\u0103d\u0103l\u0103u a anun\u021bat faptul c\u0103, pentru a doua oar\u0103 \u00een acest an, premierul Victor Ponta, candidatul social-democrat la alegerile preziden\u021biale, va vizita municipiul nostru.\u00a0<\/p>\n","protected":false},"author":1,"featured_media":36082,"comment_status":"open","ping_status":"open","sticky":false,"template":"","format":"standard","meta":{"slim_seo":{"title":"Victor Ponta, \u00een vizit\u0103 la Giurgiu pe 20 octombrie - GIURGIU NET","description":"Prezent la petrecerea de Ziua Pensionarilor, senatorul Niculae B\u0103d\u0103l\u0103u a anun\u021bat faptul c\u0103, pentru a doua oar\u0103 \u00een acest an, premierul Victor Ponta, candidatul s"},"footnotes":""},"categories":[19,25],"tags":[],"class_list":{"0":"post-36080","1":"post","2":"type-post","3":"status-publish","4":"format-standard","5":"has-post-thumbnail","7":"category-adm","8":"category-pol"},"_links":{"self":[{"href":"https:\/\/giurgiu-net.ro\/index.php\/wp-json\/wp\/v2\/posts\/36080","targetHints":{"allow":["GET"]}}],"collection":[{"href":"https:\/\/giurgiu-net.ro\/index.php\/wp-json\/wp\/v2\/posts"}],"about":[{"href":"https:\/\/giurgiu-net.ro\/index.php\/wp-json\/wp\/v2\/types\/post"}],"author":[{"embeddable":true,"href":"https:\/\/giurgiu-net.ro\/index.php\/wp-json\/wp\/v2\/users\/1"}],"replies":[{"embeddable":true,"href":"https:\/\/giurgiu-net.ro\/index.php\/wp-json\/wp\/v2\/comments?post=36080"}],"version-history":[{"count":0,"href":"https:\/\/giurgiu-net.ro\/index.php\/wp-json\/wp\/v2\/posts\/36080\/revisions"}],"wp:featuredmedia":[{"embeddable":true,"href":"https:\/\/giurgiu-net.ro\/index.php\/wp-json\/wp\/v2\/media\/36082"}],"wp:attachment":[{"href":"https:\/\/giurgiu-net.ro\/index.php\/wp-json\/wp\/v2\/media?parent=36080"}],"wp:term":[{"taxonomy":"category","embeddable":true,"href":"https:\/\/giurgiu-net.ro\/index.php\/wp-json\/wp\/v2\/categories?post=36080"},{"taxonomy":"post_tag","embeddable":true,"href":"https:\/\/giurgiu-net.ro\/index.php\/wp-json\/wp\/v2\/tags?post=36080"}],"curies":[{"name":"wp","href":"https:\/\/api.w.org\/{rel}","templated":true}]}}