{"id":36030,"date":"2014-10-04T20:23:11","date_gmt":"2014-10-04T17:23:11","guid":{"rendered":"http:\/\/giurgiu-net.ro\/?p=36030"},"modified":"2014-10-04T20:23:11","modified_gmt":"2014-10-04T17:23:11","slug":"si-varsta-a-treia-stie-sa-se-distreze","status":"publish","type":"post","link":"https:\/\/giurgiu-net.ro\/index.php\/2014\/10\/04\/si-varsta-a-treia-stie-sa-se-distreze\/","title":{"rendered":"\u0218i \u201ev\u00e2rsta a treia\u201d \u0219tie s\u0103 se distreze!"},"content":{"rendered":"<p><a href=\"https:\/\/giurgiu-net.ro\/wp-content\/uploads\/2014\/10\/DSC_0103.jpg\"><img loading=\"lazy\" decoding=\"async\" class=\" td-modal-image alignright wp-image-36036 size-medium\" src=\"https:\/\/giurgiu-net.ro\/wp-content\/uploads\/2014\/10\/DSC_0103-200x132.jpg\" alt=\"DSC_0103\" width=\"200\" height=\"132\" \/><\/a>Cine nu are b\u0103tr\u00e2ni, s\u0103 \u00ee\u0219i cumpere, iar cine \u00eei are, s\u0103 \u00eei pre\u021buiasc\u0103 a\u0219a cum pre\u021buie\u0219te o comoar\u0103, spune o veche zical\u0103. \u0218i, pentru a o pune \u00een practic\u0103, Asocia\u021bia Clubul Pensionarilor din Giurgiu \u00eempreun\u0103 cu Organiza\u021bia Jude\u021bean\u0103 a Pensionarilor Social Democra\u021bi au oferit, de Ziua Interna\u021bional\u0103 a Persoanelor V\u00e2rstnice, o zi minunat\u0103 membrilor lor,\u00a0chiar dac\u0103 petrecerea a avut loc la c\u00e2teva zile dup\u0103 aniversarea propriu-zis\u0103.<!--more--><\/p>\n<p>La petrecerea care a avut loc la Cantina de Ajutor Social, circa o sut\u0103 de persoane de v\u00e2rsta a treia au primit ca oaspe\u021bi \u0219i \u201egenera\u021bia ceva mai t\u00e2n\u0103r\u0103\u201d: senatorul social-democrat Niculae B\u0103d\u0103l\u0103u, pre\u0219edintele organiza\u021biei jude\u021bene a PSD, vicepre\u0219edintele CJ, Cristian Marciu, primarul municipiului, Nicolae Barbu, deputatul Florian Nicolae \u0219i pre\u0219edintele Consiliului Local al Seniorilor, Victor Boiangiu.<\/p>\n<p><a href=\"https:\/\/giurgiu-net.ro\/wp-content\/uploads\/2014\/10\/DSC_0127.jpg\"><img loading=\"lazy\" decoding=\"async\" class=\" td-modal-image aligncenter wp-image-36037 size-medium\" src=\"https:\/\/giurgiu-net.ro\/wp-content\/uploads\/2014\/10\/DSC_0127-200x132.jpg\" alt=\"DSC_0127\" width=\"200\" height=\"132\" \/><\/a><em>\u201eSunte\u021bi cei de la care avem \u00een permanen\u021b\u0103 de \u00eenv\u0103\u021bat, \u0219i cel mai mult din punctul de vedere al sim\u021bului civic. Dumneavoastr\u0103, pensionarii, sunte\u021bi cei care, la fiecare tur de scrutin, ie\u0219i\u021bi la vot, sper\u00e2nd, de fiecare dat\u0103, c\u0103 alegerea f\u0103cut\u0103 va aduce un dram de mai bine \u00een via\u021ba dumneavoastr\u0103. De aceea, v\u0103 spun acum c\u0103 m\u0103 bazez \u00een continuare pe dumneavoastr\u0103, s\u0103 ne sprijini\u021bi pentru a-l trimite la Cotroceni pe cel care a \u00eendreptat, \u00een doi ani de zile, tot r\u0103ul f\u0103cut de Traian B\u0103sescu \u0219i de clica lui. \u0218i aici m\u0103 refer la premierul nostru, Victor Ponta. Sunt sigur c\u0103 sunte\u021bi de acord cu mine c\u0103 trebuie s\u0103 sprijinim un om care a demonstrat c\u0103 are respect fa\u021b\u0103 de v\u00e2rstnici\u201d<\/em>, a declarat senatorul Niculae B\u0103d\u0103l\u0103u.<\/p>\n<p><a href=\"https:\/\/giurgiu-net.ro\/wp-content\/uploads\/2014\/10\/DSC_0235.jpg\"><img loading=\"lazy\" decoding=\"async\" class=\" td-modal-image aligncenter wp-image-36038 size-medium\" src=\"https:\/\/giurgiu-net.ro\/wp-content\/uploads\/2014\/10\/DSC_0235-200x132.jpg\" alt=\"DSC_0235\" width=\"200\" height=\"132\" \/><\/a><em>\u201eV\u0103 doresc un singur lucru: s\u0103n\u0103tate, pentru c\u0103 astfel ve\u021bi putea ajunge s\u0103 ne mai \u00eenv\u0103\u021ba\u021bi ani mul\u021bi de acum \u00eenainte, iar noi, cei din genera\u021bia mea sau chiar mai tineri, avem nevoie de sfaturile dumneavoastr\u0103<\/em>\u201d, a spus \u0219i primarul municipiului, Nicolae Barbu.<\/p>\n<p>La evenimentul g\u0103zduit de pensionarii giurgiuveni, mai mul\u021bi \u201etineri\u201d de v\u00e2rsta a treia au primit diplome de onoare, iar s\u0103rb\u0103toarea \u0219i buna-dispozi\u021bie au fost cuvintele de ordine ale dup\u0103-amiezei de s\u00e2mb\u0103t\u0103, 4 octombrie.<\/p>\n<div id='gallery-1' class='gallery galleryid-36030 gallery-columns-3 gallery-size-thumbnail'><figure class='gallery-item'>\n\t\t\t<div class='gallery-icon landscape'>\n\t\t\t\t<a href='https:\/\/giurgiu-net.ro\/dsc_0100-2\/'><img loading=\"lazy\" decoding=\"async\" width=\"150\" height=\"150\" src=\"https:\/\/giurgiu-net.ro\/wp-content\/uploads\/2014\/10\/DSC_01001-150x150.jpg\" class=\"attachment-thumbnail size-thumbnail\" alt=\"DSC\" \/><\/a>\n\t\t\t<\/div><\/figure><figure class='gallery-item'>\n\t\t\t<div class='gallery-icon landscape'>\n\t\t\t\t<a href='https:\/\/giurgiu-net.ro\/dsc_0235\/'><img loading=\"lazy\" decoding=\"async\" width=\"150\" height=\"150\" src=\"https:\/\/giurgiu-net.ro\/wp-content\/uploads\/2014\/10\/DSC_0235-150x150.jpg\" class=\"attachment-thumbnail size-thumbnail\" alt=\"DSC\" \/><\/a>\n\t\t\t<\/div><\/figure><figure class='gallery-item'>\n\t\t\t<div class='gallery-icon landscape'>\n\t\t\t\t<a href='https:\/\/giurgiu-net.ro\/dsc_0127-2\/'><img loading=\"lazy\" decoding=\"async\" width=\"150\" height=\"150\" src=\"https:\/\/giurgiu-net.ro\/wp-content\/uploads\/2014\/10\/DSC_0127-150x150.jpg\" class=\"attachment-thumbnail size-thumbnail\" alt=\"DSC\" \/><\/a>\n\t\t\t<\/div><\/figure><figure class='gallery-item'>\n\t\t\t<div class='gallery-icon landscape'>\n\t\t\t\t<a href='https:\/\/giurgiu-net.ro\/dsc_0103\/'><img loading=\"lazy\" decoding=\"async\" width=\"150\" height=\"150\" src=\"https:\/\/giurgiu-net.ro\/wp-content\/uploads\/2014\/10\/DSC_0103-150x150.jpg\" class=\"attachment-thumbnail size-thumbnail\" alt=\"DSC\" \/><\/a>\n\t\t\t<\/div><\/figure>\n\t\t<\/div>\n\n<p>Oana C\u0102LIn<\/p>\n","protected":false},"excerpt":{"rendered":"<p>Cine nu are b\u0103tr\u00e2ni, s\u0103 \u00ee\u0219i cumpere, iar cine \u00eei are, s\u0103 \u00eei pre\u021buiasc\u0103 a\u0219a cum pre\u021buie\u0219te o comoar\u0103, spune o veche zical\u0103. \u0218i, pentru a o pune \u00een practic\u0103, Asocia\u021bia Clubul Pensionarilor din Giurgiu \u00eempreun\u0103 cu Organiza\u021bia Jude\u021bean\u0103 a Pensionarilor Social Democra\u021bi au oferit, de Ziua Interna\u021bional\u0103 a Persoanelor V\u00e2rstnice, o zi minunat\u0103 membrilor [&hellip;]<\/p>\n","protected":false},"author":1,"featured_media":36040,"comment_status":"open","ping_status":"open","sticky":false,"template":"","format":"standard","meta":{"slim_seo":{"title":"\u0218i \u201ev\u00e2rsta a treia\u201d \u0219tie s\u0103 se distreze! - GIURGIU NET","description":"Cine nu are b\u0103tr\u00e2ni, s\u0103 \u00ee\u0219i cumpere, iar cine \u00eei are, s\u0103 \u00eei pre\u021buiasc\u0103 a\u0219a cum pre\u021buie\u0219te o comoar\u0103, spune o veche zical\u0103. \u0218i, pentru a o pune \u00een practic\u0103, Asoc"},"footnotes":""},"categories":[26],"tags":[1241,1957,2392],"class_list":{"0":"post-36030","1":"post","2":"type-post","3":"status-publish","4":"format-standard","5":"has-post-thumbnail","7":"category-soc","8":"tag-giurgiu","9":"tag-pensionari","10":"tag-sarbatoare"},"_links":{"self":[{"href":"https:\/\/giurgiu-net.ro\/index.php\/wp-json\/wp\/v2\/posts\/36030","targetHints":{"allow":["GET"]}}],"collection":[{"href":"https:\/\/giurgiu-net.ro\/index.php\/wp-json\/wp\/v2\/posts"}],"about":[{"href":"https:\/\/giurgiu-net.ro\/index.php\/wp-json\/wp\/v2\/types\/post"}],"author":[{"embeddable":true,"href":"https:\/\/giurgiu-net.ro\/index.php\/wp-json\/wp\/v2\/users\/1"}],"replies":[{"embeddable":true,"href":"https:\/\/giurgiu-net.ro\/index.php\/wp-json\/wp\/v2\/comments?post=36030"}],"version-history":[{"count":0,"href":"https:\/\/giurgiu-net.ro\/index.php\/wp-json\/wp\/v2\/posts\/36030\/revisions"}],"wp:featuredmedia":[{"embeddable":true,"href":"https:\/\/giurgiu-net.ro\/index.php\/wp-json\/wp\/v2\/media\/36040"}],"wp:attachment":[{"href":"https:\/\/giurgiu-net.ro\/index.php\/wp-json\/wp\/v2\/media?parent=36030"}],"wp:term":[{"taxonomy":"category","embeddable":true,"href":"https:\/\/giurgiu-net.ro\/index.php\/wp-json\/wp\/v2\/categories?post=36030"},{"taxonomy":"post_tag","embeddable":true,"href":"https:\/\/giurgiu-net.ro\/index.php\/wp-json\/wp\/v2\/tags?post=36030"}],"curies":[{"name":"wp","href":"https:\/\/api.w.org\/{rel}","templated":true}]}}