{"id":35942,"date":"2014-10-02T10:32:14","date_gmt":"2014-10-02T07:32:14","guid":{"rendered":"http:\/\/giurgiu-net.ro\/?p=35942"},"modified":"2014-10-02T10:32:14","modified_gmt":"2014-10-02T07:32:14","slug":"dupa-consiliul-judetean-si-la-local-s-a-format-majoritate-psd","status":"publish","type":"post","link":"https:\/\/giurgiu-net.ro\/index.php\/2014\/10\/02\/dupa-consiliul-judetean-si-la-local-s-a-format-majoritate-psd\/","title":{"rendered":"Dup\u0103 Consiliul Jude\u021bean, \u0219i la local s-a format majoritate PSD!"},"content":{"rendered":"<p>Frisoanele \u00eel cuprind tot mai tare pe Vasile Must\u0103\u021bea. Dup\u0103 ce a pierdut clar majoritatea din Consiliul Jude\u021bean, \u0219i \u00een consiliul local se vede \u201edescoperit\u201d. Odat\u0103 cu depunerea adeziunii, de c\u0103tre cinci consilieri PP-DD (Lili Clement, Sorin Cepraga, Daniela Preda, Liviu Cartojan \u015fi Viorel B\u0103l\u0103nean), dar \u0219i de c\u0103tre viceprimarul Alexandru Vladu, la r\u00e2ndul lui membru PP-DD, la Partidul Social Democrat, primarul Nicolae Barbu nu va mai avea emo\u021bii \u00een privin\u021ba adopt\u0103rii proiectelor de hot\u0103r\u00e2re de acum \u00eenainte.<!--more--><\/p>\n<p>Anun\u021bul a fost f\u0103cut de senatorul Niculae B\u0103d\u0103l\u0103u, pre\u0219edintele organiza\u021biei jude\u021bene a PSD, \u00een cadrul conferin\u021bei de pres\u0103 de miercuri, 1 octombrie.<\/p>\n<p>Restul taberei PP-DD din consiliul local se prezint\u0103 astfel: Victor P\u00e2rlea a ales statutul de independent, \u00een timp ce\u00a0Gelu Ciobanu, Liliana Truic\u0103 \u015fi Dumitru GARGAREA nu au optat pentru moment pentru un alt partid politic.<\/p>\n","protected":false},"excerpt":{"rendered":"<p>Frisoanele \u00eel cuprind tot mai tare pe Vasile Must\u0103\u021bea. Dup\u0103 ce a pierdut clar majoritatea din Consiliul Jude\u021bean, \u0219i \u00een consiliul local se vede \u201edescoperit\u201d. Odat\u0103 cu depunerea adeziunii, de c\u0103tre cinci consilieri PP-DD (Lili Clement, Sorin Cepraga, Daniela Preda, Liviu Cartojan \u015fi Viorel B\u0103l\u0103nean), dar \u0219i de c\u0103tre viceprimarul Alexandru Vladu, la r\u00e2ndul lui [&hellip;]<\/p>\n","protected":false},"author":1,"featured_media":35946,"comment_status":"open","ping_status":"open","sticky":false,"template":"","format":"standard","meta":{"slim_seo":{"title":"Dup\u0103 Consiliul Jude\u021bean, \u0219i la local s-a format majoritate PSD! - GIURGIU NET","description":"Frisoanele \u00eel cuprind tot mai tare pe Vasile Must\u0103\u021bea. Dup\u0103 ce a pierdut clar majoritatea din Consiliul Jude\u021bean, \u0219i \u00een consiliul local se vede \u201edescoperit\u201d. Od"},"footnotes":""},"categories":[19,25],"tags":[],"class_list":{"0":"post-35942","1":"post","2":"type-post","3":"status-publish","4":"format-standard","5":"has-post-thumbnail","7":"category-adm","8":"category-pol"},"_links":{"self":[{"href":"https:\/\/giurgiu-net.ro\/index.php\/wp-json\/wp\/v2\/posts\/35942","targetHints":{"allow":["GET"]}}],"collection":[{"href":"https:\/\/giurgiu-net.ro\/index.php\/wp-json\/wp\/v2\/posts"}],"about":[{"href":"https:\/\/giurgiu-net.ro\/index.php\/wp-json\/wp\/v2\/types\/post"}],"author":[{"embeddable":true,"href":"https:\/\/giurgiu-net.ro\/index.php\/wp-json\/wp\/v2\/users\/1"}],"replies":[{"embeddable":true,"href":"https:\/\/giurgiu-net.ro\/index.php\/wp-json\/wp\/v2\/comments?post=35942"}],"version-history":[{"count":0,"href":"https:\/\/giurgiu-net.ro\/index.php\/wp-json\/wp\/v2\/posts\/35942\/revisions"}],"wp:featuredmedia":[{"embeddable":true,"href":"https:\/\/giurgiu-net.ro\/index.php\/wp-json\/wp\/v2\/media\/35946"}],"wp:attachment":[{"href":"https:\/\/giurgiu-net.ro\/index.php\/wp-json\/wp\/v2\/media?parent=35942"}],"wp:term":[{"taxonomy":"category","embeddable":true,"href":"https:\/\/giurgiu-net.ro\/index.php\/wp-json\/wp\/v2\/categories?post=35942"},{"taxonomy":"post_tag","embeddable":true,"href":"https:\/\/giurgiu-net.ro\/index.php\/wp-json\/wp\/v2\/tags?post=35942"}],"curies":[{"name":"wp","href":"https:\/\/api.w.org\/{rel}","templated":true}]}}