{"id":35939,"date":"2014-10-01T16:16:03","date_gmt":"2014-10-01T13:16:03","guid":{"rendered":"http:\/\/giurgiu-net.ro\/?p=35939"},"modified":"2014-10-01T16:16:03","modified_gmt":"2014-10-01T13:16:03","slug":"ion-tache-eu-nu-sunt-primarul-meu-ci-al-cetatenilor","status":"publish","type":"post","link":"https:\/\/giurgiu-net.ro\/index.php\/2014\/10\/01\/ion-tache-eu-nu-sunt-primarul-meu-ci-al-cetatenilor\/","title":{"rendered":"Ion TACHE: \u201eEu nu sunt primarul meu, ci al cet\u0103\u021benilor!\u201d"},"content":{"rendered":"<p>Lovitur\u0103 de teatru \u00een politica giurgiuvean\u0103: cel la care nimeni nu se a\u0219tepta c\u0103, vreodat\u0103, va p\u0103r\u0103si tab\u0103ra liberal\u0103, primarul comunei Aduna\u021bii Cop\u0103ceni, Ion Tache, a decis s\u0103 sprijine candidatul Partidului Social Democrat la alegerile preziden\u021biale, Victor Ponta.\u00a0<!--more--><\/p>\n<p>Acesta a f\u0103cut anun\u021bul \u00een conferin\u021ba de pres\u0103 a PSD de\u00a0miercuri, 1 octombrie. \u201eAm luat aceast\u0103 decizie, \u0219i v\u0103 garantez c\u0103 nu a fost o alegere u\u0219oar\u0103. Dar a primat urm\u0103toarea idee: eu nu sunt primarul meu, ci al cet\u0103\u021benilor, al celor peste opt mii de locuitori ai comunei pe care o conduc de ani buni. Nu blamez pe nimeni, nu dau vina pe nimeni; aceasta este decizia mea, care a \u00eenceput s\u0103 \u00eemi \u00eencol\u021beasc\u0103 \u00een minte \u00eenc\u0103 de la ruperea USL-ului de c\u0103tre Crin Antonescu. Nu mi-am depus \u00eenc\u0103, oficial, adeziunea, dar o voi face \u00een scurt timp. Probabil c\u0103 al\u0103turi de mine vor mai veni \u0219i c\u00e2\u021biva consilieri locali, \u00eenc\u0103 nu \u0219tiu, voi avea discu\u021bii cu ei\u201d, a precizat Ion Tache.<\/p>\n<p>Primarul din Aduna\u021bii Cop\u0103ceni a mai precizat faptul c\u0103 g\u00e2ndirea sa liberal\u0103 va putea face \u201ecas\u0103 bun\u0103\u201d cu cea social\u0103, \u0219i c\u0103 nu vede niciun impediment \u00een a sprijini un candidat t\u00e2n\u0103r, care are multe de oferit \u0219i care, \u00een calitatea sa de premier, a demonstrat c\u0103 face treab\u0103 bun\u0103.<\/p>\n<p>Oana C\u0102LIN<\/p>\n","protected":false},"excerpt":{"rendered":"<p>Lovitur\u0103 de teatru \u00een politica giurgiuvean\u0103: cel la care nimeni nu se a\u0219tepta c\u0103, vreodat\u0103, va p\u0103r\u0103si tab\u0103ra liberal\u0103, primarul comunei Aduna\u021bii Cop\u0103ceni, Ion Tache, a decis s\u0103 sprijine candidatul Partidului Social Democrat la alegerile preziden\u021biale, Victor Ponta.\u00a0<\/p>\n","protected":false},"author":1,"featured_media":35940,"comment_status":"open","ping_status":"open","sticky":false,"template":"","format":"standard","meta":{"slim_seo":{"title":"Ion TACHE: \u201eEu nu sunt primarul meu, ci al cet\u0103\u021benilor!\u201d - GIURGIU NET","description":"Lovitur\u0103 de teatru \u00een politica giurgiuvean\u0103: cel la care nimeni nu se a\u0219tepta c\u0103, vreodat\u0103, va p\u0103r\u0103si tab\u0103ra liberal\u0103, primarul comunei Aduna\u021bii Cop\u0103ceni, Ion T"},"footnotes":""},"categories":[19,25],"tags":[],"class_list":{"0":"post-35939","1":"post","2":"type-post","3":"status-publish","4":"format-standard","5":"has-post-thumbnail","7":"category-adm","8":"category-pol"},"_links":{"self":[{"href":"https:\/\/giurgiu-net.ro\/index.php\/wp-json\/wp\/v2\/posts\/35939","targetHints":{"allow":["GET"]}}],"collection":[{"href":"https:\/\/giurgiu-net.ro\/index.php\/wp-json\/wp\/v2\/posts"}],"about":[{"href":"https:\/\/giurgiu-net.ro\/index.php\/wp-json\/wp\/v2\/types\/post"}],"author":[{"embeddable":true,"href":"https:\/\/giurgiu-net.ro\/index.php\/wp-json\/wp\/v2\/users\/1"}],"replies":[{"embeddable":true,"href":"https:\/\/giurgiu-net.ro\/index.php\/wp-json\/wp\/v2\/comments?post=35939"}],"version-history":[{"count":0,"href":"https:\/\/giurgiu-net.ro\/index.php\/wp-json\/wp\/v2\/posts\/35939\/revisions"}],"wp:featuredmedia":[{"embeddable":true,"href":"https:\/\/giurgiu-net.ro\/index.php\/wp-json\/wp\/v2\/media\/35940"}],"wp:attachment":[{"href":"https:\/\/giurgiu-net.ro\/index.php\/wp-json\/wp\/v2\/media?parent=35939"}],"wp:term":[{"taxonomy":"category","embeddable":true,"href":"https:\/\/giurgiu-net.ro\/index.php\/wp-json\/wp\/v2\/categories?post=35939"},{"taxonomy":"post_tag","embeddable":true,"href":"https:\/\/giurgiu-net.ro\/index.php\/wp-json\/wp\/v2\/tags?post=35939"}],"curies":[{"name":"wp","href":"https:\/\/api.w.org\/{rel}","templated":true}]}}