{"id":35903,"date":"2014-09-29T13:05:44","date_gmt":"2014-09-29T10:05:44","guid":{"rendered":"http:\/\/giurgiu-net.ro\/?p=35903"},"modified":"2014-09-29T13:05:44","modified_gmt":"2014-09-29T10:05:44","slug":"cei-din-fosta-conducere-a-car-giurgiu-exclusi-din-randurile-structurii","status":"publish","type":"post","link":"https:\/\/giurgiu-net.ro\/index.php\/2014\/09\/29\/cei-din-fosta-conducere-a-car-giurgiu-exclusi-din-randurile-structurii\/","title":{"rendered":"Cei din fosta conducere a CAR Giurgiu, exclu\u015fi din r\u00e2ndurile structurii"},"content":{"rendered":"<p>Pre\u015fedintele Casei de Ajutor Reciproc a Pensionarilor(CAR) Giurgiu, Ion Iorga, ne-a declarat, \u00een urm\u0103 cu c\u00e2teva momente, faptul c\u0103, la propunerea delega\u0163ilor din sal\u0103, \u00een cadrul Adun\u0103rii Generale Extraordinare, a fost luat\u0103 decizia de a-i exclude pe cei care f\u0103ceau parte din vechea conducere a CAR, \u00een frunte cu Emil C\u00e2inaru.<!--more--><\/p>\n<p><em>&#8222;\u00cen timpul \u015fedin\u0163ei au fost votate toate modific\u0103rile Statutului CAR, a fost validat\u0103 noua componen\u0163\u0103 a Consiliului Director \u015fi, de asemenea, la propunerea mai multor pensionari din sal\u0103, s-a decis \u015fi excluderea din r\u00e2ndurile CAR a celor care f\u0103ceau parte din vechea conducere, din cauza bloc\u0103rii aproape complete a activit\u0103\u0163ii Casei de Ajutor Reciproc Giurgiu&#8221;<\/em>, ne-a spus Iorga.<\/p>\n<p>Potrivit acestuia, nici p\u00e2n\u0103 \u00een acest moment, Instan\u0163a nu a dat un prim termen de judecat\u0103 \u00een procesul\u00a0intentat de Emil C\u00e2inaru, cel care a contestat faptul c\u0103 CAR\u00a0are noi lideri. Din acest motiv, situa\u0163ia CAR este incert\u0103, iar conturile bancare ale structurii sunt blocate.<\/p>\n<p>\u00centrebat dac\u0103 sunt \u015fanse ca Emil C\u00e2inaru s\u0103-\u015fi retrag\u0103 ac\u0163iunea, Ion Iorga a specificat:<em> &#8222;Am ini\u0163iat chiar o mediere, s\u0103 ne punem fa\u0163\u0103 \u00een fa\u0163\u0103, s\u0103 vedem cum putem rezolva problema. Am vrut s\u0103 facem o prim\u0103 \u00eent\u00e2lnire s\u00e2mb\u0103ta trecut\u0103, pentru a putea veni azi(luni, 29 septembrie) cu o veste bun\u0103 \u00een fa\u0163a oamenilor, \u00eens\u0103 domnul C\u00e2inaru a spus c\u0103 \u00eenc\u0103 nu are acceptul de la to\u0163i fo\u015ftii consilieri pentru a-i reprezenta&#8221;<\/em>.<\/p>\n<p>Luni, 29 septembrie, zeci de membri ai CAR s-au reunit la Teatrul \u201eTudor Vianu\u201d, la o Adunare General\u0103 Extraordinar\u0103.<\/p>\n<p>Printre punctele aflate pe ordinea de zi s-au num\u0103rat\u00a0modificarea statutului CAR Giurgiu, raportul de activitate a noii conduceri, reprezentate de Ion Iorga, din 5 mai \u015fi p\u00e2n\u0103 pe 31 august 2014, dar \u015fi aprobarea noului Consiliu Director al structurii, din care face parte \u015fi <strong>Damian Ancu, \u015feful Direc\u0163iei Jude\u0163ene Giurgiu a Arhivelor Na\u0163ionale.<\/strong><\/p>\n<p>14 articole din vechiul statut al CAR Giurgiu au fost modificate, noul document fiind &#8222;armonizat cu normele de func\u0163ionare ale CAR la nivel na\u0163ional&#8221;, au spus cei de la prezidiu.<\/p>\n<p>Una dintre cele mai importante modific\u0103ri o reprezint\u0103 limitarea num\u0103rului de mandate la dou\u0103 ale pre\u015fedintelui CAR Giurgiu.<\/p>\n<p>\u201eNimeni nu este pre\u015fedinte pe via\u0163\u0103 \u015fi, de asemenea, cel mai indicat este ca pre\u015fedintele s\u0103 nu dep\u0103\u015feasc\u0103 v\u00e2rsta de 75 de ani, pentru c\u0103, \u00een mod firesc, apar tot felul de probleme de s\u0103n\u0103tate. La v\u00e2rsta aceea, uit\u0103m unde ne l\u0103s\u0103m ochelarii, dar s\u0103 avem \u00een gestiune documente importante?\u201d, a spus unul dintre membri CAR, lu\u00e2nd cuv\u00e2ntul dup\u0103 prezentarea modific\u0103rilor aduse statutului.<\/p>\n<p>C.S.<\/p>\n","protected":false},"excerpt":{"rendered":"<p>Pre\u015fedintele Casei de Ajutor Reciproc a Pensionarilor(CAR) Giurgiu, Ion Iorga, ne-a declarat, \u00een urm\u0103 cu c\u00e2teva momente, faptul c\u0103, la propunerea delega\u0163ilor din sal\u0103, \u00een cadrul Adun\u0103rii Generale Extraordinare, a fost luat\u0103 decizia de a-i exclude pe cei care f\u0103ceau parte din vechea conducere a CAR, \u00een frunte cu Emil C\u00e2inaru.<\/p>\n","protected":false},"author":1,"featured_media":35906,"comment_status":"open","ping_status":"open","sticky":false,"template":"","format":"standard","meta":{"slim_seo":{"title":"Cei din fosta conducere a CAR Giurgiu, exclu\u015fi din r\u00e2ndurile structurii - GIURGIU NET","description":"Pre\u015fedintele Casei de Ajutor Reciproc a Pensionarilor(CAR) Giurgiu, Ion Iorga, ne-a declarat, \u00een urm\u0103 cu c\u00e2teva momente, faptul c\u0103, la propunerea delega\u0163ilor di"},"footnotes":""},"categories":[18,19,26],"tags":[497,741,1038,1428,1957],"class_list":{"0":"post-35903","1":"post","2":"type-post","3":"status-publish","4":"format-standard","5":"has-post-thumbnail","7":"category-actual","8":"category-adm","9":"category-soc","10":"tag-car-giurgiu","11":"tag-conturi-blocate","12":"tag-emil-cainaru","13":"tag-ion-iorga","14":"tag-pensionari"},"_links":{"self":[{"href":"https:\/\/giurgiu-net.ro\/index.php\/wp-json\/wp\/v2\/posts\/35903","targetHints":{"allow":["GET"]}}],"collection":[{"href":"https:\/\/giurgiu-net.ro\/index.php\/wp-json\/wp\/v2\/posts"}],"about":[{"href":"https:\/\/giurgiu-net.ro\/index.php\/wp-json\/wp\/v2\/types\/post"}],"author":[{"embeddable":true,"href":"https:\/\/giurgiu-net.ro\/index.php\/wp-json\/wp\/v2\/users\/1"}],"replies":[{"embeddable":true,"href":"https:\/\/giurgiu-net.ro\/index.php\/wp-json\/wp\/v2\/comments?post=35903"}],"version-history":[{"count":0,"href":"https:\/\/giurgiu-net.ro\/index.php\/wp-json\/wp\/v2\/posts\/35903\/revisions"}],"wp:featuredmedia":[{"embeddable":true,"href":"https:\/\/giurgiu-net.ro\/index.php\/wp-json\/wp\/v2\/media\/35906"}],"wp:attachment":[{"href":"https:\/\/giurgiu-net.ro\/index.php\/wp-json\/wp\/v2\/media?parent=35903"}],"wp:term":[{"taxonomy":"category","embeddable":true,"href":"https:\/\/giurgiu-net.ro\/index.php\/wp-json\/wp\/v2\/categories?post=35903"},{"taxonomy":"post_tag","embeddable":true,"href":"https:\/\/giurgiu-net.ro\/index.php\/wp-json\/wp\/v2\/tags?post=35903"}],"curies":[{"name":"wp","href":"https:\/\/api.w.org\/{rel}","templated":true}]}}