{"id":35898,"date":"2014-09-29T12:10:03","date_gmt":"2014-09-29T09:10:03","guid":{"rendered":"http:\/\/giurgiu-net.ro\/?p=35898"},"modified":"2014-09-29T12:10:03","modified_gmt":"2014-09-29T09:10:03","slug":"parada-doamnelor-de-epoca-la-giurgiu","status":"publish","type":"post","link":"https:\/\/giurgiu-net.ro\/index.php\/2014\/09\/29\/parada-doamnelor-de-epoca-la-giurgiu\/","title":{"rendered":"Parada \u201edoamnelor de epoc\u0103\u201d la Giurgiu"},"content":{"rendered":"<p><a href=\"https:\/\/giurgiu-net.ro\/wp-content\/uploads\/2014\/09\/epoca-1.jpg\"><img loading=\"lazy\" decoding=\"async\" class=\" td-modal-image alignright wp-image-35899 size-medium\" src=\"https:\/\/giurgiu-net.ro\/wp-content\/uploads\/2014\/09\/epoca-1-200x113.jpg\" alt=\"epoca 1\" width=\"200\" height=\"113\" \/><\/a>De\u0219i a plouat aproape toat\u0103 ziua, s\u00e2mb\u0103t\u0103, 27 septembrie, Pia\u021ba din fa\u021ba Teatrului \u201eTudor Vianu\u201d a devenit ne\u00eenc\u0103p\u0103toare pentru cele 68 de \u201edoamne pe patru ro\u021bi\u201d, trecute bini\u0219or de prima tinere\u021be. Cei 68 de participan\u021bi, reuni\u021bi sub titulatura \u201e Raliul Memoria Bucure\u0219ti &#8211; Giurgiu 1904 &#8211; edi\u021bia a XVI-a\u201d, au luat startul \u00een diminea\u021ba zilei, din parcarea Bucure\u0219ti Mall.<!--more--><\/p>\n<p><a href=\"https:\/\/giurgiu-net.ro\/wp-content\/uploads\/2014\/09\/epoca-2.jpg\"><img loading=\"lazy\" decoding=\"async\" class=\" td-modal-image alignnone wp-image-35900 size-medium\" src=\"https:\/\/giurgiu-net.ro\/wp-content\/uploads\/2014\/09\/epoca-2-200x150.jpg\" alt=\"epoca 2\" width=\"200\" height=\"150\" \/><\/a>La Giurgiu, c\u00e2teva sute de giurgiuveni au venit s\u0103 vad\u0103 piesele de colec\u021bie, unele reabilitate de la zero, cu investi\u021bii de multe mii de euro. Printre oficialit\u0103\u021bile care au \u021binut, cu tot dinadinsul, s\u0103 treac\u0103 pe la expozi\u021bia ad-hoc din pia\u021ba teatrului s-a num\u0103rat \u0219i primarul municipiului, Nicolae Barbu, cel care, de altfel, a sprijinit organizarea evenimentului, prin punerea la dispozi\u021bie a spa\u021biului, de\u0219i \u00een acela\u0219i loc se mai desf\u0103\u0219ura o ac\u021biune.<\/p>\n<p>\u201eNe bucur\u0103 prezen\u021ba ridicat\u0103 a concuren\u021bilor, dar mai ales ne bucur\u0103 \u0219i faptul c\u0103 \u00een Giurgiu mai sunt oameni de suflet, membri actuali sau fo\u0219ti ai Automobil Clubului Rom\u00e2n, care ne-au dat o m\u00e2n\u0103 de ajutor la organizarea evenimentului. Totodat\u0103, mul\u021bumim autorit\u0103\u021bilor locale, care ne-au ajutat s\u0103 ducem la bun sf\u00e2r\u0219it acest raliu\u201d, afirma pre\u0219edintele Automobil Club ROYAL Giurgiu, Ion Toma.<\/p>\n<p>Al\u0103turi de Automobil Club ROYAL Giurgiu, organizatori au fost membrii RETROMOBIL, cei care \u0219i-au f\u0103cut un obicei ca, an de an, \u00een luna septembrie, s\u0103 aminteasc\u0103 pasiona\u021bilor de ma\u0219ini c\u0103 evolu\u021bia sportului auto \u0219i, implicit, a vehiculelor pe patru ro\u021bi a \u00eenceput acum mai bine de un secol, \u0219i c\u0103 este \u00een plin\u0103 desf\u0103\u0219urare.<\/p>\n<p>Oana C\u0102LIN<\/p>\n","protected":false},"excerpt":{"rendered":"<p>De\u0219i a plouat aproape toat\u0103 ziua, s\u00e2mb\u0103t\u0103, 27 septembrie, Pia\u021ba din fa\u021ba Teatrului \u201eTudor Vianu\u201d a devenit ne\u00eenc\u0103p\u0103toare pentru cele 68 de \u201edoamne pe patru ro\u021bi\u201d, trecute bini\u0219or de prima tinere\u021be. Cei 68 de participan\u021bi, reuni\u021bi sub titulatura \u201e Raliul Memoria Bucure\u0219ti &#8211; Giurgiu 1904 &#8211; edi\u021bia a XVI-a\u201d, au luat startul \u00een diminea\u021ba zilei, [&hellip;]<\/p>\n","protected":false},"author":1,"featured_media":35901,"comment_status":"open","ping_status":"open","sticky":false,"template":"","format":"standard","meta":{"slim_seo":{"title":"Parada \u201edoamnelor de epoc\u0103\u201d la Giurgiu - GIURGIU NET","description":"De\u0219i a plouat aproape toat\u0103 ziua, s\u00e2mb\u0103t\u0103, 27 septembrie, Pia\u021ba din fa\u021ba Teatrului \u201eTudor Vianu\u201d a devenit ne\u00eenc\u0103p\u0103toare pentru cele 68 de \u201edoamne pe patru ro\u021bi"},"footnotes":""},"categories":[27],"tags":[88,1050,1070,1241,2276],"class_list":{"0":"post-35898","1":"post","2":"type-post","3":"status-publish","4":"format-standard","5":"has-post-thumbnail","7":"category-spo","8":"tag-acr","9":"tag-epoca","10":"tag-eveniment","11":"tag-giurgiu","12":"tag-raliu"},"_links":{"self":[{"href":"https:\/\/giurgiu-net.ro\/index.php\/wp-json\/wp\/v2\/posts\/35898","targetHints":{"allow":["GET"]}}],"collection":[{"href":"https:\/\/giurgiu-net.ro\/index.php\/wp-json\/wp\/v2\/posts"}],"about":[{"href":"https:\/\/giurgiu-net.ro\/index.php\/wp-json\/wp\/v2\/types\/post"}],"author":[{"embeddable":true,"href":"https:\/\/giurgiu-net.ro\/index.php\/wp-json\/wp\/v2\/users\/1"}],"replies":[{"embeddable":true,"href":"https:\/\/giurgiu-net.ro\/index.php\/wp-json\/wp\/v2\/comments?post=35898"}],"version-history":[{"count":0,"href":"https:\/\/giurgiu-net.ro\/index.php\/wp-json\/wp\/v2\/posts\/35898\/revisions"}],"wp:featuredmedia":[{"embeddable":true,"href":"https:\/\/giurgiu-net.ro\/index.php\/wp-json\/wp\/v2\/media\/35901"}],"wp:attachment":[{"href":"https:\/\/giurgiu-net.ro\/index.php\/wp-json\/wp\/v2\/media?parent=35898"}],"wp:term":[{"taxonomy":"category","embeddable":true,"href":"https:\/\/giurgiu-net.ro\/index.php\/wp-json\/wp\/v2\/categories?post=35898"},{"taxonomy":"post_tag","embeddable":true,"href":"https:\/\/giurgiu-net.ro\/index.php\/wp-json\/wp\/v2\/tags?post=35898"}],"curies":[{"name":"wp","href":"https:\/\/api.w.org\/{rel}","templated":true}]}}