{"id":35889,"date":"2014-09-29T11:02:54","date_gmt":"2014-09-29T08:02:54","guid":{"rendered":"http:\/\/giurgiu-net.ro\/?p=35889"},"modified":"2014-09-29T11:02:54","modified_gmt":"2014-09-29T08:02:54","slug":"doar-doua-mandate-pentru-presedintele-car-giurgiu","status":"publish","type":"post","link":"https:\/\/giurgiu-net.ro\/index.php\/2014\/09\/29\/doar-doua-mandate-pentru-presedintele-car-giurgiu\/","title":{"rendered":"Doar dou\u0103 mandate pentru pre\u015fedintele CAR Giurgiu"},"content":{"rendered":"<p>Problemele lor privind conturile blocate nu au fost solu\u0163ionate, la fel de nesigur\u0103 este \u015fi situa\u0163ia noii conduceri, cel pu\u0163in p\u00e2n\u0103 c\u00e2nd Instan\u0163a nu judec\u0103 procesul intentat de fo\u015ftii \u015fefi ai Casei de Ajutor Reciproc a Pensionarilor(CAR) Giurgiu.<!--more--><\/p>\n<p>Totu\u015fi, luni, 29 septembrie, zeci de membri ai CAR s-au reunit la Teatrul \u201eTudor Vianu\u201d, la o Adunare General\u0103 Extraordinar\u0103.<\/p>\n<p>Printre punctele aflate pe ordinea de zi se num\u0103r\u0103 modificarea statutului CAR Giurgiu, raportul de activitate a noii conduceri, reprezentate de Ion Iorga, din 5 mai \u015fi p\u00e2n\u0103 pe 31 august 2014, dar \u015fi aprobarea noului Consiliu Director al structurii, din care face parte \u015fi Damian Ancu, \u015feful Direc\u0163iei Jude\u0163ene Giurgiu a Arhivelor Na\u0163ionale.<a href=\"https:\/\/giurgiu-net.ro\/wp-content\/uploads\/2014\/09\/pensionari-1.jpg\"><img loading=\"lazy\" decoding=\"async\" class=\"aligncenter size-large wp-image-35891\" src=\"https:\/\/giurgiu-net.ro\/wp-content\/uploads\/2014\/09\/pensionari-1-300x198.jpg\" alt=\"pensionari 1\" width=\"300\" height=\"198\" srcset=\"https:\/\/giurgiu-net.ro\/wp-content\/uploads\/2014\/09\/pensionari-1-300x198.jpg 300w, https:\/\/giurgiu-net.ro\/wp-content\/uploads\/2014\/09\/pensionari-1-768x508.jpg 768w, https:\/\/giurgiu-net.ro\/wp-content\/uploads\/2014\/09\/pensionari-1-696x460.jpg 696w, https:\/\/giurgiu-net.ro\/wp-content\/uploads\/2014\/09\/pensionari-1.jpg 960w\" sizes=\"auto, (max-width: 300px) 100vw, 300px\" \/><\/a><\/p>\n<p>Vorbim despre modific\u0103ri la 14 articole din vechiul statut al CAR Giurgiu, noul document fiind &#8222;armonizat cu normele de func\u0163ionare ale CAR la nivel na\u0163ional&#8221;, au spus cei de la prezidiu.<\/p>\n<p>Una dintre cele mai importante modific\u0103ri o reprezint\u0103 limitarea num\u0103rului de mandate la dou\u0103 ale pre\u015fedintelui CAR Giurgiu.<\/p>\n<p><em>\u201eNimeni nu este pre\u015fedinte pe via\u0163\u0103 \u015fi, de asemenea, cel mai indicat este ca pre\u015fedintele s\u0103 nu dep\u0103\u015feasc\u0103 v\u00e2rsta de 75 de ani, pentru c\u0103, \u00een mod firesc, apar tot felul de probleme de s\u0103n\u0103tate. La v\u00e2rsta aceea, uit\u0103m unde ne l\u0103s\u0103m ochelarii, dar s\u0103 avem \u00een gestiune documente importante?\u201d<\/em>, a spus unul dintre membri CAR.<\/p>\n<p>\u015eedin\u0163a nu a fost, \u00eens\u0103, lipsit\u0103 de tensiuni. Un alt membru a acuzat noua conducere c\u0103, de\u015fi ar fi depus mai multe amendamente la statut, acestea nu au fost luate \u00een seam\u0103. De exemplu, pensionarul cerea excluderea primelor pentru cei din conducerea CAR, cotiza\u0163ia s\u0103 revin\u0103 la 1% din pensie iar \u00een Consiliul Director s\u0103 fie mai mul\u0163i membri, nu doar 5. Legat de acest ultim aspect, pre\u015fedintele Ion Iorga a spus c\u0103 a fost redus num\u0103rul membrilor Consiliului, pentru c\u0103 trebuie reduse cheltuielile.<\/p>\n<p>\u00centruc\u00e2t, la ora public\u0103rii acestui material, \u015fedin\u0163a Adun\u0103rii Generale a CAR Giurgiu era \u00eenc\u0103 \u00een desf\u0103\u015furare, vom reveni cu am\u0103nunte asupra acestui subiect.<\/p>\n<p>C\u0103t\u0103lina Sfetcu<\/p>\n","protected":false},"excerpt":{"rendered":"<p>Problemele lor privind conturile blocate nu au fost solu\u0163ionate, la fel de nesigur\u0103 este \u015fi situa\u0163ia noii conduceri, cel pu\u0163in p\u00e2n\u0103 c\u00e2nd Instan\u0163a nu judec\u0103 procesul intentat de fo\u015ftii \u015fefi ai Casei de Ajutor Reciproc a Pensionarilor(CAR) Giurgiu.<\/p>\n","protected":false},"author":1,"featured_media":35892,"comment_status":"open","ping_status":"open","sticky":false,"template":"","format":"standard","meta":{"slim_seo":{"title":"Doar dou\u0103 mandate pentru pre\u015fedintele CAR Giurgiu - GIURGIU NET","description":"Problemele lor privind conturile blocate nu au fost solu\u0163ionate, la fel de nesigur\u0103 este \u015fi situa\u0163ia noii conduceri, cel pu\u0163in p\u00e2n\u0103 c\u00e2nd Instan\u0163a nu judec\u0103 proc"},"footnotes":""},"categories":[19,26],"tags":[497,1957],"class_list":{"0":"post-35889","1":"post","2":"type-post","3":"status-publish","4":"format-standard","5":"has-post-thumbnail","7":"category-adm","8":"category-soc","9":"tag-car-giurgiu","10":"tag-pensionari"},"_links":{"self":[{"href":"https:\/\/giurgiu-net.ro\/index.php\/wp-json\/wp\/v2\/posts\/35889","targetHints":{"allow":["GET"]}}],"collection":[{"href":"https:\/\/giurgiu-net.ro\/index.php\/wp-json\/wp\/v2\/posts"}],"about":[{"href":"https:\/\/giurgiu-net.ro\/index.php\/wp-json\/wp\/v2\/types\/post"}],"author":[{"embeddable":true,"href":"https:\/\/giurgiu-net.ro\/index.php\/wp-json\/wp\/v2\/users\/1"}],"replies":[{"embeddable":true,"href":"https:\/\/giurgiu-net.ro\/index.php\/wp-json\/wp\/v2\/comments?post=35889"}],"version-history":[{"count":0,"href":"https:\/\/giurgiu-net.ro\/index.php\/wp-json\/wp\/v2\/posts\/35889\/revisions"}],"wp:featuredmedia":[{"embeddable":true,"href":"https:\/\/giurgiu-net.ro\/index.php\/wp-json\/wp\/v2\/media\/35892"}],"wp:attachment":[{"href":"https:\/\/giurgiu-net.ro\/index.php\/wp-json\/wp\/v2\/media?parent=35889"}],"wp:term":[{"taxonomy":"category","embeddable":true,"href":"https:\/\/giurgiu-net.ro\/index.php\/wp-json\/wp\/v2\/categories?post=35889"},{"taxonomy":"post_tag","embeddable":true,"href":"https:\/\/giurgiu-net.ro\/index.php\/wp-json\/wp\/v2\/tags?post=35889"}],"curies":[{"name":"wp","href":"https:\/\/api.w.org\/{rel}","templated":true}]}}