{"id":35851,"date":"2014-09-26T13:56:20","date_gmt":"2014-09-26T10:56:20","guid":{"rendered":"http:\/\/giurgiu-net.ro\/?p=35851"},"modified":"2014-09-26T13:56:20","modified_gmt":"2014-09-26T10:56:20","slug":"retinerea-primarului-din-izvoarele-anuntata-de-posturi-nationale-de-televiziune","status":"publish","type":"post","link":"https:\/\/giurgiu-net.ro\/index.php\/2014\/09\/26\/retinerea-primarului-din-izvoarele-anuntata-de-posturi-nationale-de-televiziune\/","title":{"rendered":"Re\u021binerea primarului din Izvoarele, anun\u021bat\u0103 de posturi na\u021bionale de televiziune?"},"content":{"rendered":"<p>Re\u021binerea primarului Alin B\u0103nic\u0103 Stanciu, edilul comunei Izvoarele, de ieri, \u00een urma descinderii masca\u021bilor, a fost subiectul principal abordat de pre\u0219edintele interimar al organiza\u021biei jude\u021bene a \u00a0Partidului Liberal Reformator, Toma Petcu.\u00a0<!--more--><\/p>\n<p>\u201ePrea multe coinciden\u021be am constatat \u00een ac\u021biunea derulat\u0103 ieri. \u00cent\u00e2i de toate, pe un post na\u021bional de televiziune, cu o sear\u0103 \u00eenainte, mai precis cu circa 12 ore \u00eenainte s\u0103 se \u00eent\u00e2mple, a fost anun\u021bat c\u0103, a doua zi, toate televiziunile se vor \u00eeng\u0103lbeni de breaking news-uri care vor anun\u021ba c\u0103 unul dintre candida\u021bii la pre\u0219edin\u021bie va avea de suferit, indirect, ca urmare a ac\u021biunilor unui membru de partid. A doua zi, la ora 10 \u0219i jum\u0103tate, eram anun\u021bat telefonic de faptul c\u0103 Alin Stanciu, primarul care cocheteaz\u0103 cu ideea de a ni se al\u0103tura, a fost re\u021binut. O alt\u0103 coinciden\u021b\u0103 este ziua \u00een care s-au \u00eent\u00e2mplat toate acestea: ziua de na\u0219tere a primarului, cu o zi \u00eenainte de lansarea candidaturii lui C\u0103lin Popescu T\u0103riceanu \u0219i o zi dup\u0103 vizita acestuia la Giurgiu\u201d, a spus Toma Petcu.<\/p>\n<p>Pe de alt\u0103 parte, acesta spunea c\u0103, totu\u0219i, are \u00eencredere \u00een justi\u021bie \u0219i c\u0103 primarul din Izvoarele li se va al\u0103tura, \u00een partid, \u00een foarte scurt timp.<\/p>\n<p>Oana C\u0102LIN<\/p>\n","protected":false},"excerpt":{"rendered":"<p>Re\u021binerea primarului Alin B\u0103nic\u0103 Stanciu, edilul comunei Izvoarele, de ieri, \u00een urma descinderii masca\u021bilor, a fost subiectul principal abordat de pre\u0219edintele interimar al organiza\u021biei jude\u021bene a \u00a0Partidului Liberal Reformator, Toma Petcu.\u00a0<\/p>\n","protected":false},"author":1,"featured_media":35854,"comment_status":"open","ping_status":"open","sticky":false,"template":"","format":"standard","meta":{"slim_seo":{"title":"Re\u021binerea primarului din Izvoarele, anun\u021bat\u0103 de posturi na\u021bionale de televiziune? - GIURGIU NET","description":"Re\u021binerea primarului Alin B\u0103nic\u0103 Stanciu, edilul comunei Izvoarele, de ieri, \u00een urma descinderii masca\u021bilor, a fost subiectul principal abordat de pre\u0219edintele"},"footnotes":""},"categories":[25],"tags":[],"class_list":{"0":"post-35851","1":"post","2":"type-post","3":"status-publish","4":"format-standard","5":"has-post-thumbnail","7":"category-pol"},"_links":{"self":[{"href":"https:\/\/giurgiu-net.ro\/index.php\/wp-json\/wp\/v2\/posts\/35851","targetHints":{"allow":["GET"]}}],"collection":[{"href":"https:\/\/giurgiu-net.ro\/index.php\/wp-json\/wp\/v2\/posts"}],"about":[{"href":"https:\/\/giurgiu-net.ro\/index.php\/wp-json\/wp\/v2\/types\/post"}],"author":[{"embeddable":true,"href":"https:\/\/giurgiu-net.ro\/index.php\/wp-json\/wp\/v2\/users\/1"}],"replies":[{"embeddable":true,"href":"https:\/\/giurgiu-net.ro\/index.php\/wp-json\/wp\/v2\/comments?post=35851"}],"version-history":[{"count":0,"href":"https:\/\/giurgiu-net.ro\/index.php\/wp-json\/wp\/v2\/posts\/35851\/revisions"}],"wp:featuredmedia":[{"embeddable":true,"href":"https:\/\/giurgiu-net.ro\/index.php\/wp-json\/wp\/v2\/media\/35854"}],"wp:attachment":[{"href":"https:\/\/giurgiu-net.ro\/index.php\/wp-json\/wp\/v2\/media?parent=35851"}],"wp:term":[{"taxonomy":"category","embeddable":true,"href":"https:\/\/giurgiu-net.ro\/index.php\/wp-json\/wp\/v2\/categories?post=35851"},{"taxonomy":"post_tag","embeddable":true,"href":"https:\/\/giurgiu-net.ro\/index.php\/wp-json\/wp\/v2\/tags?post=35851"}],"curies":[{"name":"wp","href":"https:\/\/api.w.org\/{rel}","templated":true}]}}